{"id":1366,"date":"2024-03-22T12:55:16","date_gmt":"2024-03-22T12:55:16","guid":{"rendered":"https:\/\/neanoticias.com\/?p=1366"},"modified":"2024-03-22T12:55:16","modified_gmt":"2024-03-22T12:55:16","slug":"vecinos-de-dos-barrios-denuncian-asedio-de-una-banda-de-ladrones","status":"publish","type":"post","link":"https:\/\/neanoticias.com\/index.php\/2024\/03\/22\/vecinos-de-dos-barrios-denuncian-asedio-de-una-banda-de-ladrones\/","title":{"rendered":"VECINOS DE DOS BARRIOS DENUNCIAN ASEDIO DE UNA BANDA DE LADRONES"},"content":{"rendered":"\n<p>Habitantes del Juan de Vera y Sargento Cabral dieron a conocer il\u00edcitos recientes. Apuntan contra sujetos que vivir\u00edan o buscan refugio en el asentamiento de calle Alberdi. La semana pasada recibieron promesa de mayor patrullaje policial pero &#8220;la ola de robos contin\u00faa&#8221;.<\/p>\n\n\n\n<figure class=\"wp-block-image size-full\"><img loading=\"lazy\" width=\"762\" height=\"583\" src=\"https:\/\/neanoticias.com\/wp-content\/uploads\/2024\/03\/1353796w762h583c.jpg.webp\" alt=\"\" class=\"wp-image-1367\" srcset=\"https:\/\/neanoticias.com\/wp-content\/uploads\/2024\/03\/1353796w762h583c.jpg.webp 762w, https:\/\/neanoticias.com\/wp-content\/uploads\/2024\/03\/1353796w762h583c.jpg-300x230.webp 300w\" sizes=\"(max-width: 762px) 100vw, 762px\" \/><\/figure>\n\n\n\n<p>Vecinos de los barrios Sargento Cabral y Juan de Vera de la capital de Corrientes se encuentran en estado de alerta por una &#8220;ola de robos&#8221;. Denuncian a una banda de ladrones que opera alrededor del denominado &#8220;asentamiento Alberdi&#8221;.<\/p>\n\n\n\n<p>Con im\u00e1genes de c\u00e1maras de seguridad, fotos y filmaciones mediante tel\u00e9fonos celulares captaron il\u00edcitos cometidos en los \u00faltimos d\u00edas. Los m\u00e1s recientes sucedieron ayer, a la ma\u00f1ana, mientras llov\u00eda sobre la ciudad.<\/p>\n\n\n\n<p>Hace una semana, habitantes de ambas barriadas se reunieron con autoridades de la Polic\u00eda y un funcionario municipal, encargado de la colocaci\u00f3n de c\u00e1maras de seguridad. La promesa en aquel encuentro realizado en una esquina de avenida Col\u00f3n fue la de realizar m\u00e1s patrullajes, por parte de la fuerza de seguridad y el de instalar nuevos aparatos de vigilancia.<\/p>\n\n\n\n<p>Desde hace un buen tiempo, los episodios de inseguridad sacuden a ese sector de la capital. En este sentido, los vecinos atribuyen buena parte del problema a la existencia del asentamiento.<\/p>\n\n\n\n<p>Ese sitio, entre calles Alberdi, Alto Verde, Barranqueras y Pizarro, contendr\u00eda &#8220;aguantaderos&#8221; y puntos de venta de drogas adonde responsables de robos llevan las cosas a esconder o cambiar por estupefaciente.<\/p>\n\n\n\n<p>Ayer, a las 6, bajo la intensa precipitaci\u00f3n, un maleante accedi\u00f3 al interior de una vivienda del barrio Sargento Cabral y una c\u00e1mara de seguridad interna grab\u00f3 las peripecias del intruso.<\/p>\n\n\n\n<p>El delincuente hizo esfuerzos en vano tratando de sustraer un tubo de gas, al cual anud\u00f3 una s\u00e1bana con la idea de sacarlo por encima de un enrejado. Sin embargo, tras unos minutos desisti\u00f3 al notar la presencia de los propietarios.<\/p>\n\n\n\n<p>A trav\u00e9s de un grupo vecinal de WhatsApp comenzaron a compartir &#8220;novedades&#8221; y as\u00ed supieron de nuevos casos de inseguridad.<\/p>\n\n\n\n<p>Un segundo suceso registrado ayer fue el ingreso de un joven ladr\u00f3n a un complejo de monoblocks lindante al asentamiento. &#8220;Contin\u00faa la ola de robos por los mismos malvivientes de siempre que entran y salen del asentamiento de Alberdi y calle 160 o Alto Verde, donde al hijo de una vecina del barrio Juan de Vera le intentaron robar la bicicleta volviendo de trabajar. El chico se resisti\u00f3 golpeando al ladr\u00f3n, pero con el costo de da\u00f1arse la mano&#8221;, dijeron ayer a trav\u00e9s de una cuenta en la red social Facebook.<\/p>\n\n\n\n<p>&#8220;Sin dudas la peque\u00f1a comisar\u00eda 12 no da abasto por falta de personal, veh\u00edculos e infraestructura&#8221;, escribieron.<\/p>\n\n\n\n<p>Los vecinos tambi\u00e9n reflejaron, con algunas fotograf\u00edas, episodios de robo de cables de una obra subterr\u00e1nea y hasta el enfrentamiento &#8220;cara a cara&#8221; entre un delincuente, sorprendido en una propiedad privada, y un vecino que particip\u00f3 de su persecuci\u00f3n. Por si fuera poco, hace dos semanas fue viralizada la filmaci\u00f3n del arrebato con suma violencia sufrido por una vecina que habita uno de los edificios linderos al asentamiento. &#8220;Robaron y corrieron a esconderse a ese lugar&#8221;, denunciaron oportunamente.<\/p>\n\n\n\n<p>Con respecto a la reuni\u00f3n de la semana pasada qued\u00f3 decidida la colocaci\u00f3n de c\u00e1maras en las esquinas de calles Barranqueras y Hernandarias con avenida Col\u00f3n. Un oficial de la mencionada comisar\u00eda se comprometi\u00f3 a realizar m\u00e1s recorridas en horarios clave de la ma\u00f1ana, con mucho tr\u00e1nsito de personas que concurren al trabajo y de estudiantes rumbo a las escuelas.<\/p>\n","protected":false},"excerpt":{"rendered":"<p>Habitantes del Juan de Vera y Sargento Cabral dieron a conocer il\u00edcitos recientes. Apuntan contra&#8230;<\/p>\n","protected":false},"author":1,"featured_media":1367,"comment_status":"open","ping_status":"open","sticky":false,"template":"","format":"standard","meta":[],"categories":[1],"tags":[],"_links":{"self":[{"href":"https:\/\/neanoticias.com\/index.php\/wp-json\/wp\/v2\/posts\/1366"}],"collection":[{"href":"https:\/\/neanoticias.com\/index.php\/wp-json\/wp\/v2\/posts"}],"about":[{"href":"https:\/\/neanoticias.com\/index.php\/wp-json\/wp\/v2\/types\/post"}],"author":[{"embeddable":true,"href":"https:\/\/neanoticias.com\/index.php\/wp-json\/wp\/v2\/users\/1"}],"replies":[{"embeddable":true,"href":"https:\/\/neanoticias.com\/index.php\/wp-json\/wp\/v2\/comments?post=1366"}],"version-history":[{"count":1,"href":"https:\/\/neanoticias.com\/index.php\/wp-json\/wp\/v2\/posts\/1366\/revisions"}],"predecessor-version":[{"id":1368,"href":"https:\/\/neanoticias.com\/index.php\/wp-json\/wp\/v2\/posts\/1366\/revisions\/1368"}],"wp:featuredmedia":[{"embeddable":true,"href":"https:\/\/neanoticias.com\/index.php\/wp-json\/wp\/v2\/media\/1367"}],"wp:attachment":[{"href":"https:\/\/neanoticias.com\/index.php\/wp-json\/wp\/v2\/media?parent=1366"}],"wp:term":[{"taxonomy":"category","embeddable":true,"href":"https:\/\/neanoticias.com\/index.php\/wp-json\/wp\/v2\/categories?post=1366"},{"taxonomy":"post_tag","embeddable":true,"href":"https:\/\/neanoticias.com\/index.php\/wp-json\/wp\/v2\/tags?post=1366"}],"curies":[{"name":"wp","href":"https:\/\/api.w.org\/{rel}","templated":true}]}}