{"id":136,"date":"2022-09-02T14:08:14","date_gmt":"2022-09-02T14:08:14","guid":{"rendered":"https:\/\/neanoticias.com\/?p=136"},"modified":"2022-09-02T14:08:14","modified_gmt":"2022-09-02T14:08:14","slug":"le-gatillo-dos-veces-hablo-el-militante-que-detuvo-al-atacante-de-cristina-kirchner","status":"publish","type":"post","link":"https:\/\/neanoticias.com\/index.php\/2022\/09\/02\/le-gatillo-dos-veces-hablo-el-militante-que-detuvo-al-atacante-de-cristina-kirchner\/","title":{"rendered":"&#8220;LE GATILL\u00d3 DOS VECES&#8221;: HABL\u00d3 EL MILITANTE QUE DETUVO AL ATACANTE DE CRISTINA KIRCHNER"},"content":{"rendered":"\n<p>Se trata de un testigo de la agresi\u00f3n ocurrida anoche en Recoleta. Confes\u00f3 que no sabe si la vicepresidenta se dio cuenta de que el sujeto ten\u00eda un arma.<\/p>\n\n\n\n<figure class=\"wp-block-image size-full\"><img loading=\"lazy\" width=\"850\" height=\"478\" src=\"https:\/\/neanoticias.com\/wp-content\/uploads\/2022\/09\/174418w850h478c.jpg.webp\" alt=\"\" class=\"wp-image-137\" srcset=\"https:\/\/neanoticias.com\/wp-content\/uploads\/2022\/09\/174418w850h478c.jpg.webp 850w, https:\/\/neanoticias.com\/wp-content\/uploads\/2022\/09\/174418w850h478c.jpg-300x169.webp 300w, https:\/\/neanoticias.com\/wp-content\/uploads\/2022\/09\/174418w850h478c.jpg-768x432.webp 768w\" sizes=\"(max-width: 850px) 100vw, 850px\" \/><\/figure>\n\n\n\n<p>Javier, uno de los militantes que formaba parte del cord\u00f3n que anoche esperaba la llegada de Cristina Kirchner a su casa de Recoleta cuando se produjo la agresi\u00f3n, declar\u00f3 este viernes en la Justicia. &#8220;Vi por arriba de mi hombro que se asomaba un brazo con un arma&#8221;, relat\u00f3.<\/p>\n\n\n\n<p>&nbsp;<br>La reacci\u00f3n del testigo fue inmediata. Seg\u00fan detall\u00f3, volte\u00f3 y sujet\u00f3 al agresor mientras otras personas, que tambi\u00e9n advirtieron la situaci\u00f3n, empezaron a sumarse para reducir a Fernando Andr\u00e9 Sabag Montiel, el brasile\u00f1o ahora detenido por el ataque.<\/p>\n\n\n\n<p><br>&#8220;No se escucha nada, pero gatilla y para mi gatill\u00f3 dos veces. No s\u00e9 si ella se dio cuenta, yo trat\u00e9 de agarrarlo a \u00e9l y otra gente que estaba atr\u00e1s tambi\u00e9n. Cuando lo tanteamos se le cay\u00f3 al arma&#8221;, asegur\u00f3 Javier.<\/p>\n\n\n\n<p>&nbsp;<br>&#8220;Parte de los organizadores se lo llevan y uno de ellos, apenas ve que cae el arma la pisa y la tiene a resguardo, mientras que los otros muchachos se lo llevan y se lo entregan a la Polic\u00eda&#8221;, expres\u00f3.<\/p>\n\n\n\n<p>&nbsp;<br>El ataque a la Vicepresidenta uni\u00f3 a referentes del oficialismo y de la oposici\u00f3n en distintas muestras de repudio y el pedido de una investigaci\u00f3n urgente por lo sucedido. A su vez, el presidente Alberto Fern\u00e1ndez decret\u00f3 ayer mismo por la noche el feriado en su mensaje por cadena nacional y convoc\u00f3 a una marcha en apoyo a Cristina Kirchner.<\/p>\n\n\n\n<p>La medida, que sorprendi\u00f3 y tom\u00f3 desprevenidos a varios, afecta varias actividades: no hay clases enlas escuelas, ni atenci\u00f3n e los bancos, ni en dependencias y oficinas del Estado, no se jugar\u00e1n los partidos f\u00fatbol y el transporte p\u00fablico (trenes, subtes colectivos) funcionar\u00e1 con cronograma de domingo.<\/p>\n\n\n\n<p>La causa fue caratulada como &#8220;Tentativa de homicidio calificado&#8221; y qued\u00f3 a cargo de la jueza Mar\u00eda Eugenia Capuchetti, quien durante el d\u00eda de hoy se espera que le tome declaraci\u00f3n a ocho civiles y miembros de la Policia Federal. Aunque no fue cofirmado el horario, tambi\u00e9n ser\u00eda indagado este viernes el imputado, que tendr\u00e1 una defensa oficial.<\/p>\n","protected":false},"excerpt":{"rendered":"<p>Se trata de un testigo de la agresi\u00f3n ocurrida anoche en Recoleta. Confes\u00f3 que no&#8230;<\/p>\n","protected":false},"author":1,"featured_media":137,"comment_status":"open","ping_status":"open","sticky":false,"template":"","format":"standard","meta":[],"categories":[1],"tags":[],"_links":{"self":[{"href":"https:\/\/neanoticias.com\/index.php\/wp-json\/wp\/v2\/posts\/136"}],"collection":[{"href":"https:\/\/neanoticias.com\/index.php\/wp-json\/wp\/v2\/posts"}],"about":[{"href":"https:\/\/neanoticias.com\/index.php\/wp-json\/wp\/v2\/types\/post"}],"author":[{"embeddable":true,"href":"https:\/\/neanoticias.com\/index.php\/wp-json\/wp\/v2\/users\/1"}],"replies":[{"embeddable":true,"href":"https:\/\/neanoticias.com\/index.php\/wp-json\/wp\/v2\/comments?post=136"}],"version-history":[{"count":1,"href":"https:\/\/neanoticias.com\/index.php\/wp-json\/wp\/v2\/posts\/136\/revisions"}],"predecessor-version":[{"id":138,"href":"https:\/\/neanoticias.com\/index.php\/wp-json\/wp\/v2\/posts\/136\/revisions\/138"}],"wp:featuredmedia":[{"embeddable":true,"href":"https:\/\/neanoticias.com\/index.php\/wp-json\/wp\/v2\/media\/137"}],"wp:attachment":[{"href":"https:\/\/neanoticias.com\/index.php\/wp-json\/wp\/v2\/media?parent=136"}],"wp:term":[{"taxonomy":"category","embeddable":true,"href":"https:\/\/neanoticias.com\/index.php\/wp-json\/wp\/v2\/categories?post=136"},{"taxonomy":"post_tag","embeddable":true,"href":"https:\/\/neanoticias.com\/index.php\/wp-json\/wp\/v2\/tags?post=136"}],"curies":[{"name":"wp","href":"https:\/\/api.w.org\/{rel}","templated":true}]}}