{"id":1357,"date":"2024-03-22T12:23:07","date_gmt":"2024-03-22T12:23:07","guid":{"rendered":"https:\/\/neanoticias.com\/?p=1357"},"modified":"2024-03-22T12:23:08","modified_gmt":"2024-03-22T12:23:08","slug":"atrapado-con-rollos-de-cobre-una-tablet-y-causa-por-violento","status":"publish","type":"post","link":"https:\/\/neanoticias.com\/index.php\/2024\/03\/22\/atrapado-con-rollos-de-cobre-una-tablet-y-causa-por-violento\/","title":{"rendered":"ATRAPADO CON ROLLOS DE COBRE, UNA TABLET Y CAUSA POR VIOLENTO"},"content":{"rendered":"\n<p>El sujeto iba a vender los objetos en una &#8220;chacarita&#8221; cercana. Sobre el segundo detenido pesaba una orden de restricci\u00f3n de acercamiento por agredir a su pareja.<\/p>\n\n\n\n<figure class=\"wp-block-image size-full\"><img loading=\"lazy\" width=\"762\" height=\"669\" src=\"https:\/\/neanoticias.com\/wp-content\/uploads\/2024\/03\/1353793w762h669c.jpg.webp\" alt=\"\" class=\"wp-image-1358\" srcset=\"https:\/\/neanoticias.com\/wp-content\/uploads\/2024\/03\/1353793w762h669c.jpg.webp 762w, https:\/\/neanoticias.com\/wp-content\/uploads\/2024\/03\/1353793w762h669c.jpg-300x263.webp 300w\" sizes=\"(max-width: 762px) 100vw, 762px\" \/><\/figure>\n\n\n\n<p>Un delincuente fue sorprendido en la madrugada de ayer mientras vigilaba una vivienda con fines delictivo, llevaba consigo varios rollos de cobre y una tablet que no pudo justificar de d\u00f3nde la sac\u00f3. Encima, al indagar sus antecedentes result\u00f3 tener una causa penal por violencia familiar.<\/p>\n\n\n\n<p>Fue cerca de las 4, cuando los efectivos del GRIM 5 divisaron y demoraron a un hombre, agazapado en la oscuridad, mirando el interior de algunos domicilios con intenciones de ingresar a uno. Cuando comenzaron a indagarlo, notaron que adem\u00e1s estaba bajo los efectos del consumo de sustancias prohibidas y en el cacheo de seguridad le encontraron una tablet y cerca de medio kilo de cobre en varios rollos, que al parecer estaba a punto de ir a venderlos.<\/p>\n\n\n\n<p>El sujeto, de nombre Nicol\u00e1s, tiene antecedentes por robos y hurtos, pero tambi\u00e9n una causa penal por lesiones leves agravadas por el v\u00ednculo, por lo que termin\u00f3 detenido en la Comisar\u00eda 21.<\/p>\n\n\n\n<h2>Otro violento<\/h2>\n\n\n\n<p>En tanto, efectivos del GRIM 4 demoraron a dos j\u00f3venes que circulaban a los gritos por la calle. Al ser identificados, result\u00f3 que los dos ten\u00edan antecedentes por robos y hurtos, pero uno de ellos era buscado por la Justicia, en una causa penal por violencia familiar contra su pareja y su hijo de solo un a\u00f1o. Fue ayer al mediod\u00eda, cuando el m\u00f3vil en el que se desplazaba el jefe de unidad, comisario Molina, junto a dos subalternos, patrullaba las inmediaciones de la avenida Armenia y Quinquela Mart\u00edn. All\u00ed, los polic\u00edas vieron a dos j\u00f3venes que ven\u00edan a los gritos por la avenida, como desafiando a cualquiera que se le cruce, por lo que decidieron identificarlos, uno de apellido Morales y el segundo de apellido Sena, los dos oriundos del barrio Jard\u00edn y con antecedentes por robos y hurtos. Pero para sorpresa de los uniformados, sobre Sena, de 21 a\u00f1os, pesaba un pedido de localizaci\u00f3n y aprehensi\u00f3n del Juzgado Correccional N\u00b01 por una causa penal activa por violencia familiar y con una restricci\u00f3n de acercamiento a 300 metros de su pareja y su hijo de un a\u00f1o que incumpli\u00f3 en reiteradas oportunidades.<\/p>\n","protected":false},"excerpt":{"rendered":"<p>El sujeto iba a vender los objetos en una &#8220;chacarita&#8221; cercana. Sobre el segundo detenido&#8230;<\/p>\n","protected":false},"author":1,"featured_media":1358,"comment_status":"open","ping_status":"open","sticky":false,"template":"","format":"standard","meta":[],"categories":[1],"tags":[],"_links":{"self":[{"href":"https:\/\/neanoticias.com\/index.php\/wp-json\/wp\/v2\/posts\/1357"}],"collection":[{"href":"https:\/\/neanoticias.com\/index.php\/wp-json\/wp\/v2\/posts"}],"about":[{"href":"https:\/\/neanoticias.com\/index.php\/wp-json\/wp\/v2\/types\/post"}],"author":[{"embeddable":true,"href":"https:\/\/neanoticias.com\/index.php\/wp-json\/wp\/v2\/users\/1"}],"replies":[{"embeddable":true,"href":"https:\/\/neanoticias.com\/index.php\/wp-json\/wp\/v2\/comments?post=1357"}],"version-history":[{"count":1,"href":"https:\/\/neanoticias.com\/index.php\/wp-json\/wp\/v2\/posts\/1357\/revisions"}],"predecessor-version":[{"id":1359,"href":"https:\/\/neanoticias.com\/index.php\/wp-json\/wp\/v2\/posts\/1357\/revisions\/1359"}],"wp:featuredmedia":[{"embeddable":true,"href":"https:\/\/neanoticias.com\/index.php\/wp-json\/wp\/v2\/media\/1358"}],"wp:attachment":[{"href":"https:\/\/neanoticias.com\/index.php\/wp-json\/wp\/v2\/media?parent=1357"}],"wp:term":[{"taxonomy":"category","embeddable":true,"href":"https:\/\/neanoticias.com\/index.php\/wp-json\/wp\/v2\/categories?post=1357"},{"taxonomy":"post_tag","embeddable":true,"href":"https:\/\/neanoticias.com\/index.php\/wp-json\/wp\/v2\/tags?post=1357"}],"curies":[{"name":"wp","href":"https:\/\/api.w.org\/{rel}","templated":true}]}}