{"id":1348,"date":"2024-03-22T12:18:09","date_gmt":"2024-03-22T12:18:09","guid":{"rendered":"https:\/\/neanoticias.com\/?p=1348"},"modified":"2024-03-22T12:18:10","modified_gmt":"2024-03-22T12:18:10","slug":"norte-grande-alistan-pedidos-para-el-primer-encuentro-en-la-era-milei","status":"publish","type":"post","link":"https:\/\/neanoticias.com\/index.php\/2024\/03\/22\/norte-grande-alistan-pedidos-para-el-primer-encuentro-en-la-era-milei\/","title":{"rendered":"NORTE GRANDE: ALISTAN PEDIDOS PARA EL PRIMER ENCUENTRO EN LA ERA MILEI"},"content":{"rendered":"\n<p>Gobernadores del NEA y NOA, entre ellos Vald\u00e9s, van conformando la agenda de temas del encuentro previsto para el martes que viene en suelo salte\u00f1o. Algunas de las cuestiones ya anotadas: la paralizaci\u00f3n de la obra p\u00fablica, el FONID y transferencias coparticipables.<\/p>\n\n\n\n<figure class=\"wp-block-image size-full\"><img loading=\"lazy\" width=\"762\" height=\"512\" src=\"https:\/\/neanoticias.com\/wp-content\/uploads\/2024\/03\/1353814w762h512c.jpg.webp\" alt=\"\" class=\"wp-image-1349\" srcset=\"https:\/\/neanoticias.com\/wp-content\/uploads\/2024\/03\/1353814w762h512c.jpg.webp 762w, https:\/\/neanoticias.com\/wp-content\/uploads\/2024\/03\/1353814w762h512c.jpg-300x202.webp 300w\" sizes=\"(max-width: 762px) 100vw, 762px\" \/><\/figure>\n\n\n\n<p>Para el Norte Grande no ser\u00e1 un encuentro m\u00e1s el que est\u00e1 previsto para el martes que viene en la provincia de Salta. Los gobernadores del NOA y NEA desarrollar\u00e1n una primera cumbre en la era Milei.<\/p>\n\n\n\n<p>En este sentido, los mandatarios empezaron a ajustar una lista de pedidos a la Naci\u00f3n. Entre esos temas se destacan: la paralizaci\u00f3n de la obra p\u00fablica, el Fondo Nacional de Incentivo Docente (FONID) y la disminuci\u00f3n de las transferencias coparticipables.<\/p>\n\n\n\n<p>De esta manera, los diez gobe<\/p>\n\n\n\n<p>rnadores que conforman el Norte Grande se reunir\u00e1n el pr\u00f3ximo martes 26 en Salta, en lo que ser\u00e1 su asamblea 19\u00b0, una deliberaci\u00f3n que es el resultado de gestiones que encabezaron Gustavo S\u00e1enz, el jefe provincial anfitri\u00f3n, y su par riojano Ricardo Quintela. Se espera que surja un documento con reclamos a la Naci\u00f3n por el recorte de fondos para la obra p\u00fablica, el FONID, subsidios al transporte p\u00fablico y asistencia para comedores, entre otros.<\/p>\n\n\n\n<p>En la actualidad, el santiague\u00f1o Gerardo Zamora oficia de presidente pro tempore del espacio, que est\u00e1 integrado el salte\u00f1o S\u00e1enz, Ra\u00fal Jalil, de Catamarca; Gustavo Vald\u00e9s, de Corrientes; Gildo Insfr\u00e1n, de Formosa; Ricardo Quintela, de La Rioja; Osvaldo Jaldo, de Tucum\u00e1n, y los debutantes Leandro Zdero, de Chaco; Carlos Sadir, de Jujuy; y Hugo Passalacqua, de Misiones. Jaldo, exvicegobernador, ya estuvo en cumbres anteriores cuando reemplaz\u00f3 al exgobernador tucumano Juan Manzur, quien fue jefe de Gabinete de ministros de la Naci\u00f3n durante la gesti\u00f3n del expresidente Alberto Fern\u00e1ndez.<\/p>\n\n\n\n<p>Mientras tanto, el mi\u00e9rcoles se realiz\u00f3 en La Rioja una reuni\u00f3n de ministros de la Producci\u00f3n de las provincias que integran la Patagonia -que se mueven en bloque como polo pol\u00edtico y econ\u00f3mico- y funcionarios de provincias peronistas o afines. No estar\u00e1 ninguno de los distritos del espacio de gobernadores de Juntos por el Cambio (JXC). Se espera que de esta deliberaci\u00f3n surja un pronunciamiento, camino al encuentro en Salta. Preocupa la ca\u00edda de la actividad, fruto de la falta de apoyo nacional y de las medidas econ\u00f3micas que puso en marcha la Casa Rosada, que en algunos distritos se traduce en una merma de la recaudaci\u00f3n, seg\u00fan le indic\u00f3 el Ministerio de Econom\u00eda provincial al portal de noticias &#8220;\u00c1mbito.com&#8221;.<\/p>\n\n\n\n<p>De acuerdo a la comunicaci\u00f3n oficial, la reuni\u00f3n de los miembros del Norte Grande ser\u00e1 para &#8220;fortalecer la cooperaci\u00f3n y promover el desarrollo econ\u00f3mico, social y cultural. Representa una oportunidad para intercambiar ideas, compartir experiencias y establecer estrategias conjuntas que beneficien a las comunidades&#8221;.<\/p>\n\n\n\n<p>Se sabe, sin embargo, que lo que m\u00e1s preocupa por estas horas a los mandatarios es la sequ\u00eda de recursos nacionales, desde el kil\u00f3metro cero de la actual gesti\u00f3n libertaria, que garantizaban obras p\u00fablicas -paralizadas casi en su totalidad, con certificados de obras impagos y futuro incierto-, subsidios para el transporte p\u00fablico, asistencia social para comedores, el FONID, el Fondo de Compensaci\u00f3n Salarial, apoyo para peque\u00f1as y medianas empresas y promoci\u00f3n de la actividad tur\u00edstica, entre otros.<\/p>\n\n\n\n<p>En este sentido consignaron que frente a recortes de fondos contantes y sonantes, a algunos gobernadores norte\u00f1os no les desagrada el proyecto de ley que envi\u00f3 el Ejecutivo nacional al Congreso.<\/p>\n\n\n\n<p><\/p>\n","protected":false},"excerpt":{"rendered":"<p>Gobernadores del NEA y NOA, entre ellos Vald\u00e9s, van conformando la agenda de temas del&#8230;<\/p>\n","protected":false},"author":1,"featured_media":1349,"comment_status":"open","ping_status":"open","sticky":false,"template":"","format":"standard","meta":[],"categories":[1],"tags":[],"_links":{"self":[{"href":"https:\/\/neanoticias.com\/index.php\/wp-json\/wp\/v2\/posts\/1348"}],"collection":[{"href":"https:\/\/neanoticias.com\/index.php\/wp-json\/wp\/v2\/posts"}],"about":[{"href":"https:\/\/neanoticias.com\/index.php\/wp-json\/wp\/v2\/types\/post"}],"author":[{"embeddable":true,"href":"https:\/\/neanoticias.com\/index.php\/wp-json\/wp\/v2\/users\/1"}],"replies":[{"embeddable":true,"href":"https:\/\/neanoticias.com\/index.php\/wp-json\/wp\/v2\/comments?post=1348"}],"version-history":[{"count":1,"href":"https:\/\/neanoticias.com\/index.php\/wp-json\/wp\/v2\/posts\/1348\/revisions"}],"predecessor-version":[{"id":1350,"href":"https:\/\/neanoticias.com\/index.php\/wp-json\/wp\/v2\/posts\/1348\/revisions\/1350"}],"wp:featuredmedia":[{"embeddable":true,"href":"https:\/\/neanoticias.com\/index.php\/wp-json\/wp\/v2\/media\/1349"}],"wp:attachment":[{"href":"https:\/\/neanoticias.com\/index.php\/wp-json\/wp\/v2\/media?parent=1348"}],"wp:term":[{"taxonomy":"category","embeddable":true,"href":"https:\/\/neanoticias.com\/index.php\/wp-json\/wp\/v2\/categories?post=1348"},{"taxonomy":"post_tag","embeddable":true,"href":"https:\/\/neanoticias.com\/index.php\/wp-json\/wp\/v2\/tags?post=1348"}],"curies":[{"name":"wp","href":"https:\/\/api.w.org\/{rel}","templated":true}]}}