{"id":1345,"date":"2024-03-22T12:17:15","date_gmt":"2024-03-22T12:17:15","guid":{"rendered":"https:\/\/neanoticias.com\/?p=1345"},"modified":"2024-03-22T12:17:15","modified_gmt":"2024-03-22T12:17:15","slug":"investigaban-un-robo-y-hallaron-un-desarmadero-de-motos-y-bicicletas","status":"publish","type":"post","link":"https:\/\/neanoticias.com\/index.php\/2024\/03\/22\/investigaban-un-robo-y-hallaron-un-desarmadero-de-motos-y-bicicletas\/","title":{"rendered":"INVESTIGABAN UN ROBO Y HALLARON UN DESARMADERO DE MOTOS Y BICICLETAS"},"content":{"rendered":"\n<p>Algunos veh\u00edculos estaban completos, otros en partes. Se abri\u00f3 una causa paralela que investigar\u00e1 la procedencia de todos los rodados secuestrados. Los dos sospechosos arrestados tienen antecedentes por delitos contra la propiedad.<\/p>\n\n\n\n<figure class=\"wp-block-image size-full\"><img loading=\"lazy\" width=\"762\" height=\"579\" src=\"https:\/\/neanoticias.com\/wp-content\/uploads\/2024\/03\/1353795w762h579c.jpg.webp\" alt=\"\" class=\"wp-image-1346\" srcset=\"https:\/\/neanoticias.com\/wp-content\/uploads\/2024\/03\/1353795w762h579c.jpg.webp 762w, https:\/\/neanoticias.com\/wp-content\/uploads\/2024\/03\/1353795w762h579c.jpg-300x228.webp 300w\" sizes=\"(max-width: 762px) 100vw, 762px\" \/><\/figure>\n\n\n\n<p>El robo de una motocicleta a una mujer, estacionada en la v\u00eda p\u00fablica, llev\u00f3 a la Polic\u00eda a realizar tres allanamientos en dos barrios de Capital y, a pesar de que no localizaron el veh\u00edculo buscado, se descubri\u00f3 lo que ser\u00eda un desarmadero de motos robadas y varias bicicletas que no pudieron justificar procedencia.<\/p>\n\n\n\n<p>Los dos detenidos en el procedimiento tienen antecedentes y sus preferencias son el robo de estos rodados. La sospecha de los investigadores es que tanto las motos, como las bicicletas y los repuestos encontrados en el lugar, son producto de il\u00edcitos que derivaron en la apertura de una nueva causa.<\/p>\n\n\n\n<p>Efectivos del \u00e1rea de investigaciones de la comisar\u00eda Sexta, a cargo de la comisario inspector Anal\u00eda Esquivel, determinaron que el veh\u00edculo sustra\u00eddo podr\u00eda encontrarse en domicilios relacionados con dos delincuentes de apellido Acevedo, alias &#8220;Kich\u00e1n&#8221; de 23 a\u00f1os, y otro sujeto de nombre Kevin, alias &#8220;Olla&#8221;, con domicilios en los barrio Seminario y Ba\u00f1ado Norte de la capital correntina. Ambos tienen antecedentes por robos y hurtos y se dedican a los arrebatos en v\u00eda p\u00fablica, pero tambi\u00e9n a robo de motocicletas.<\/p>\n\n\n\n<p>Con la colaboraci\u00f3n de efectivos de la Polic\u00eda de Alto Riesgo requisaron el domicilio, ubicado por calle Baibiene al 2700, propiedad de Acevedo, y luego se dirigieron hasta otra casa situada por calle Pasaje Cartero al 2700. Las \u00f3rdenes hab\u00edan sido facilitadas por el fiscal de investigaci\u00f3n, Gustavo Roubineau, pero en ninguna de las viviendas encontraron el veh\u00edculo que buscaban.<\/p>\n\n\n\n<p>No obstante, durante las requisas del \u00faltimo de los domicilios, los uniformados se toparon con una gran cantidad de motopartes y motocicletas a medio desarmar; as\u00ed como una gran cantidad de bicicletas, varias de ellas para ni\u00f1os, que los due\u00f1os de las fincas no pudieron acreditar propiedad de las mismas, ni tampoco de d\u00f3nde las hab\u00edan sacado. En la finca hab\u00eda una moto Zanella Scooter dominio 090 EXX; una moto Brava Apolo; una moto Gilera Smash; adem\u00e1s de un motor de una Motomel, cinco ruedas de motocicletas de distintas marcas; una bicicleta Benzo rodado 29, otra Milano del mismo rodado; as\u00ed como tres bicicletas para ni\u00f1os; un compresor marca gama; partes de un motor; un tanque de motocicleta, entre otros elementos secuestrados bajo actas y con testigos.<\/p>\n\n\n\n<p>Por orden del fiscal de turno se inici\u00f3 una causa paralela caratulada de oficio &#8220;por supuesta receptaci\u00f3n de elementos de dudosa procedencia.<\/p>\n\n\n\n<p>Todos los elementos incautados, al igual con uno de los sospechosos detenidos, fueron trasladados hacia la comisar\u00eda Sexta, en la que se dar\u00e1 intervenci\u00f3n al personal de la Direcci\u00f3n de Investigaciones cient\u00edficas y Pericias y al personal de la Direcci\u00f3n de Investigaci\u00f3n Criminal, a fin determinar la procedencia real de los rodados.<\/p>\n","protected":false},"excerpt":{"rendered":"<p>Algunos veh\u00edculos estaban completos, otros en partes. Se abri\u00f3 una causa paralela que investigar\u00e1 la&#8230;<\/p>\n","protected":false},"author":1,"featured_media":1346,"comment_status":"open","ping_status":"open","sticky":false,"template":"","format":"standard","meta":[],"categories":[1],"tags":[],"_links":{"self":[{"href":"https:\/\/neanoticias.com\/index.php\/wp-json\/wp\/v2\/posts\/1345"}],"collection":[{"href":"https:\/\/neanoticias.com\/index.php\/wp-json\/wp\/v2\/posts"}],"about":[{"href":"https:\/\/neanoticias.com\/index.php\/wp-json\/wp\/v2\/types\/post"}],"author":[{"embeddable":true,"href":"https:\/\/neanoticias.com\/index.php\/wp-json\/wp\/v2\/users\/1"}],"replies":[{"embeddable":true,"href":"https:\/\/neanoticias.com\/index.php\/wp-json\/wp\/v2\/comments?post=1345"}],"version-history":[{"count":1,"href":"https:\/\/neanoticias.com\/index.php\/wp-json\/wp\/v2\/posts\/1345\/revisions"}],"predecessor-version":[{"id":1347,"href":"https:\/\/neanoticias.com\/index.php\/wp-json\/wp\/v2\/posts\/1345\/revisions\/1347"}],"wp:featuredmedia":[{"embeddable":true,"href":"https:\/\/neanoticias.com\/index.php\/wp-json\/wp\/v2\/media\/1346"}],"wp:attachment":[{"href":"https:\/\/neanoticias.com\/index.php\/wp-json\/wp\/v2\/media?parent=1345"}],"wp:term":[{"taxonomy":"category","embeddable":true,"href":"https:\/\/neanoticias.com\/index.php\/wp-json\/wp\/v2\/categories?post=1345"},{"taxonomy":"post_tag","embeddable":true,"href":"https:\/\/neanoticias.com\/index.php\/wp-json\/wp\/v2\/tags?post=1345"}],"curies":[{"name":"wp","href":"https:\/\/api.w.org\/{rel}","templated":true}]}}