{"id":1342,"date":"2024-03-22T11:59:43","date_gmt":"2024-03-22T11:59:43","guid":{"rendered":"https:\/\/neanoticias.com\/?p=1342"},"modified":"2024-03-22T11:59:44","modified_gmt":"2024-03-22T11:59:44","slug":"la-municipalidad-realiza-actividades-de-contencion-en-el-dtc-del-independencia-y-el-cic-del-anahi","status":"publish","type":"post","link":"https:\/\/neanoticias.com\/index.php\/2024\/03\/22\/la-municipalidad-realiza-actividades-de-contencion-en-el-dtc-del-independencia-y-el-cic-del-anahi\/","title":{"rendered":"LA MUNICIPALIDAD REALIZA ACTIVIDADES DE CONTENCI\u00d3N EN EL DTC DEL INDEPENDENCIA Y EL CIC DEL ANAH\u00cd"},"content":{"rendered":"\n<p><em>El viceintendente, Emilio Lanari, afirm\u00f3 que la Municipalidad gestiona la apertura de un nuevo DTC en el barrio Ciudades Correntinas y que las actividades prestadas por el dispositivo se extiendan a todos los CIC de la ciudad.\u00a0<\/em><\/p>\n\n\n\n<figure class=\"wp-block-image size-large\"><img loading=\"lazy\" width=\"1024\" height=\"682\" src=\"https:\/\/neanoticias.com\/wp-content\/uploads\/2024\/03\/50c8223a-e35b-183a-ad39-505f995888f9-1024x682.jpg\" alt=\"\" class=\"wp-image-1343\" srcset=\"https:\/\/neanoticias.com\/wp-content\/uploads\/2024\/03\/50c8223a-e35b-183a-ad39-505f995888f9-1024x682.jpg 1024w, https:\/\/neanoticias.com\/wp-content\/uploads\/2024\/03\/50c8223a-e35b-183a-ad39-505f995888f9-300x200.jpg 300w, https:\/\/neanoticias.com\/wp-content\/uploads\/2024\/03\/50c8223a-e35b-183a-ad39-505f995888f9-768x512.jpg 768w, https:\/\/neanoticias.com\/wp-content\/uploads\/2024\/03\/50c8223a-e35b-183a-ad39-505f995888f9.jpg 1280w\" sizes=\"(max-width: 1024px) 100vw, 1024px\" \/><\/figure>\n\n\n\n<p>La Municipalidad de Corrientes organiza diversas actividades en el Centro Integrador Comunitario (CIC) del barrio Anah\u00ed y en el Dispositivo Territorial Comunitario (DTC) del Independencia. En ambos lugares se desarrollan acciones para incluir y contener a los vecinos del barrio y zonas aleda\u00f1as.&nbsp;<\/p>\n\n\n\n<p>En ese marco, este viernes el viceintendente, Emilio Lanari, mantuvo una reuni\u00f3n con el coordinador de organizaci\u00f3n de Dispositivos Territoriales Comunitarios, David \u00c1lvarez; y la coordinadora ejecutiva del \u00e1rea de Discapacidad e Inclusi\u00f3n Social, Mariana Montes.&nbsp;<\/p>\n\n\n\n<p>El viceintendente afirm\u00f3 que la Municipalidad \u201ctiene diagramado la apertura de un DTC en el barrio Ciudades Correntinas y que se llevan adelante acciones similares en todos los CIC de la ciudad\u201d. Adem\u00e1s, precis\u00f3 que se est\u00e1n realizando gestiones para \u201ccoordinar con el nuevo Gobierno nacional un trabajo articulado con la Secretar\u00eda de Programaci\u00f3n para la Prevenci\u00f3n de la Drogadicci\u00f3n y Lucha contra el Narcotr\u00e1fico (Sedronar)&#8221;.<\/p>\n\n\n\n<p>Por su parte, el coordinador de organizaci\u00f3n de Dispositivos Territoriales Comunitarios precis\u00f3 que \u201ctanto en el DTC como en el barrio Anah\u00ed se desarrollan actividades comunitarias tendientes a ser lo m\u00e1s cercano al vecino posible, a trav\u00e9s de estas oficinas\u201d.&nbsp;<\/p>\n\n\n\n<p>\u201cContinuamos acerc\u00e1ndonos a la comunidad como herramienta de prevenci\u00f3n, evitando que los chicos est\u00e9n en la calle o puedan tener alg\u00fan tipo de problem\u00e1tica\u201d, agreg\u00f3 \u00c1lvarez, quien aclar\u00f3 que quienes quieran participar de las actividades se pueden acercar a cualquiera de los dos lugares para mayor informaci\u00f3n, de 8 a 18.&nbsp;<\/p>\n\n\n\n<p>DISPOSITIVO TERRITORIAL<\/p>\n\n\n\n<p>Por su parte, la coordinadora ejecutiva del \u00e1rea de Discapacidad e Inclusi\u00f3n Social, Mariana Montes, quien est\u00e1 a cargo del Dispositivo Territorial Comunitario (DTC) del barrio Independencia, afirm\u00f3 que \u201cactualmente estamos trabajando con chicos desde 5 a\u00f1os en adelante, sin l\u00edmite de edad, en donde se les brinda contenci\u00f3n, tambi\u00e9n un acompa\u00f1amiento terap\u00e9utico, en forma totalmente integrada con psic\u00f3logos, trabajadores sociales, y operadores en psicolog\u00eda social\u201d.<\/p>\n\n\n\n<p>\u201cLa idea es justamente que este espacio se vaya expandiendo a diferentes zonas de la ciudad, y que no solamente vengan al dispositivo a encontrar este lugar de contenci\u00f3n, sino que tambi\u00e9n podamos salir a las diferentes actividades en el territorio, como para poder&nbsp;brindar este espacio de cercan\u00eda al vecino\u201d, agreg\u00f3.<\/p>\n\n\n\n<p>La funcionaria indic\u00f3 que el DTC est\u00e1 abierto desde las 8 hasta las 18, y se brindan \u201cespacios de apoyo escolar, talleres de m\u00fasica, de teatro, de baile, tambi\u00e9n actividades deportivas\u201d. \u201cEs un espacio para todos los vecinos\u201d, concluy\u00f3.<\/p>\n","protected":false},"excerpt":{"rendered":"<p>El viceintendente, Emilio Lanari, afirm\u00f3 que la Municipalidad gestiona la apertura de un nuevo DTC&#8230;<\/p>\n","protected":false},"author":1,"featured_media":1343,"comment_status":"open","ping_status":"open","sticky":false,"template":"","format":"standard","meta":[],"categories":[1],"tags":[],"_links":{"self":[{"href":"https:\/\/neanoticias.com\/index.php\/wp-json\/wp\/v2\/posts\/1342"}],"collection":[{"href":"https:\/\/neanoticias.com\/index.php\/wp-json\/wp\/v2\/posts"}],"about":[{"href":"https:\/\/neanoticias.com\/index.php\/wp-json\/wp\/v2\/types\/post"}],"author":[{"embeddable":true,"href":"https:\/\/neanoticias.com\/index.php\/wp-json\/wp\/v2\/users\/1"}],"replies":[{"embeddable":true,"href":"https:\/\/neanoticias.com\/index.php\/wp-json\/wp\/v2\/comments?post=1342"}],"version-history":[{"count":1,"href":"https:\/\/neanoticias.com\/index.php\/wp-json\/wp\/v2\/posts\/1342\/revisions"}],"predecessor-version":[{"id":1344,"href":"https:\/\/neanoticias.com\/index.php\/wp-json\/wp\/v2\/posts\/1342\/revisions\/1344"}],"wp:featuredmedia":[{"embeddable":true,"href":"https:\/\/neanoticias.com\/index.php\/wp-json\/wp\/v2\/media\/1343"}],"wp:attachment":[{"href":"https:\/\/neanoticias.com\/index.php\/wp-json\/wp\/v2\/media?parent=1342"}],"wp:term":[{"taxonomy":"category","embeddable":true,"href":"https:\/\/neanoticias.com\/index.php\/wp-json\/wp\/v2\/categories?post=1342"},{"taxonomy":"post_tag","embeddable":true,"href":"https:\/\/neanoticias.com\/index.php\/wp-json\/wp\/v2\/tags?post=1342"}],"curies":[{"name":"wp","href":"https:\/\/api.w.org\/{rel}","templated":true}]}}