{"id":1333,"date":"2024-03-20T13:05:52","date_gmt":"2024-03-20T13:05:52","guid":{"rendered":"https:\/\/neanoticias.com\/?p=1333"},"modified":"2024-03-20T13:05:53","modified_gmt":"2024-03-20T13:05:53","slug":"las-ferias-de-la-ciudad-inician-una-nueva-semana-de-recorrido-por-plazas-y-paseos","status":"publish","type":"post","link":"https:\/\/neanoticias.com\/index.php\/2024\/03\/20\/las-ferias-de-la-ciudad-inician-una-nueva-semana-de-recorrido-por-plazas-y-paseos\/","title":{"rendered":"LAS FERIAS DE LA CIUDAD INICIAN UNA NUEVA SEMANA DE RECORRIDO POR PLAZAS Y PASEOS"},"content":{"rendered":"\n<p>Con ofertas y productos de calidad para los vecinos, los feriantes capitalinos volver\u00e1n a recorrer distintos parques, plazas y paseos. Desde el lunes 18 al domingo 24 de marzo, la propuesta llegar\u00e1 a las Mil Viviendas, Ber\u00f3n de Astrada, Centro, Libertad, San Ger\u00f3nimo, parque Mitre y Paseo Arazaty.\u00a0<\/p>\n\n\n\n<figure class=\"wp-block-image size-large\"><img loading=\"lazy\" width=\"1024\" height=\"682\" src=\"https:\/\/neanoticias.com\/wp-content\/uploads\/2024\/03\/de9280d6-ad9b-17ad-6f81-13ecb1fcd9e2-1024x682.jpeg\" alt=\"\" class=\"wp-image-1334\" srcset=\"https:\/\/neanoticias.com\/wp-content\/uploads\/2024\/03\/de9280d6-ad9b-17ad-6f81-13ecb1fcd9e2-1024x682.jpeg 1024w, https:\/\/neanoticias.com\/wp-content\/uploads\/2024\/03\/de9280d6-ad9b-17ad-6f81-13ecb1fcd9e2-300x200.jpeg 300w, https:\/\/neanoticias.com\/wp-content\/uploads\/2024\/03\/de9280d6-ad9b-17ad-6f81-13ecb1fcd9e2-768x512.jpeg 768w, https:\/\/neanoticias.com\/wp-content\/uploads\/2024\/03\/de9280d6-ad9b-17ad-6f81-13ecb1fcd9e2.jpeg 1280w\" sizes=\"(max-width: 1024px) 100vw, 1024px\" \/><\/figure>\n\n\n\n<p>La Municipalidad de Corrientes dio a conocer la nueva programaci\u00f3n de las Ferias de la Ciudad, que llegar\u00e1n a distintos espacios p\u00fablicos del lunes 18 al domingo 24 de marzo. Se trata de una acci\u00f3n coordinada por la Secretar\u00eda de Desarrollo Econ\u00f3mico municipal, a trav\u00e9s de la Subsecretar\u00eda de Econom\u00eda Social.&nbsp;<br><br>El recorrido iniciar\u00e1 el lunes 18 en el barrio Mil Viviendas -plaza Rep\u00fablica del Per\u00fa, en avenida Patagonia entre Av. La Paz y Av. Paysand\u00fa- y en el barrio Ber\u00f3n de Astrada -plazoleta Los Inmigrantes, en Ac. Correa Fern\u00e1ndez y Av. Sarmiento-.&nbsp;<br><br>El martes 19, las ferias se instalar\u00e1n en la plaza Torrent (San Lorenzo y Bol\u00edvar) y plazoleta Los Amigos (avenida Gobernador Pujol y Brasil) en el barrio Libertad. El mi\u00e9rcoles 20 volver\u00e1n a estar en la plaza Torrent.<br><br>El jueves 21, los puesteros se ubicar\u00e1n en plaza La Cruz, por calle Salta, en el barrio del mismo nombre. &nbsp;<br><br>El viernes 22 se repetir\u00e1 la propuesta, en simult\u00e1neo, en la plaza Rep\u00fablica del Per\u00fa de las Mil Viviendas (Av. Patagonia entre Av. La Paz y Av. Paysand\u00fa); en plazoleta Los Inmigrantes (Ac Correa Fern\u00e1ndez y Av. Sarmiento) del barrio Ber\u00f3n de Astrada; y en el parque El Eucaliptal (Av. Alfons\u00edn y Av. Laprida) del barrio San Ger\u00f3nimo.<br><br>El recorrido continuar\u00e1 el s\u00e1bado 23, de 8 a 13, por la calle Pil\u00fa G\u00f3mez y Jos\u00e9 Rol\u00f3n, en el parque Mitre.&nbsp; Y por la tarde, en el Paseo Arazaty, de 10 a 22. &nbsp;<br><br>En tanto que el domingo 24 habr\u00e1 puesteros en el Paseo Arazaty que ofrecer\u00e1n, de 10 a 20, plantas ornamentales, ofertas gastron\u00f3micas, artesan\u00edas y manualidades. &nbsp;<br><br>CRONOGRAMA COMPLETO &nbsp;<br><br>Lunes 18 de marzo: barrio Mil Viviendas (plaza Rep\u00fablica del Per\u00fa) y barrio Ber\u00f3n de Astrada (plazoleta de los Inmigrantes)&nbsp;<br><br>Martes 19 de marzo: barrio Centro (plaza Torrent) y barrio Libertad (plaza Los Amigos)<br><br>Mi\u00e9rcoles 20 de marzo: barrio Centro (plaza Torrent)&nbsp;<br><br>Jueves 21 de marzo: barrio La Cruz (plaza La Cruz).&nbsp;<br><br>Viernes 22 de marzo: barrio Mil Viviendas (plaza Rep\u00fablica del Per\u00fa), barrio Ber\u00f3n de Astrada (plazoleta Los Inmigrantes) y barrio San Ger\u00f3nimo (parque El Eucaliptal).&nbsp;<br><br>S\u00e1bado 23 de marzo: barrio Aldana (parque Mitre) \u2013por la ma\u00f1ana- y Paseo Arazaty.&nbsp;<br><br>Domingo 24 de marzo: Paseo Arazaty<\/p>\n","protected":false},"excerpt":{"rendered":"<p>Con ofertas y productos de calidad para los vecinos, los feriantes capitalinos volver\u00e1n a recorrer&#8230;<\/p>\n","protected":false},"author":1,"featured_media":1334,"comment_status":"open","ping_status":"open","sticky":false,"template":"","format":"standard","meta":[],"categories":[1],"tags":[],"_links":{"self":[{"href":"https:\/\/neanoticias.com\/index.php\/wp-json\/wp\/v2\/posts\/1333"}],"collection":[{"href":"https:\/\/neanoticias.com\/index.php\/wp-json\/wp\/v2\/posts"}],"about":[{"href":"https:\/\/neanoticias.com\/index.php\/wp-json\/wp\/v2\/types\/post"}],"author":[{"embeddable":true,"href":"https:\/\/neanoticias.com\/index.php\/wp-json\/wp\/v2\/users\/1"}],"replies":[{"embeddable":true,"href":"https:\/\/neanoticias.com\/index.php\/wp-json\/wp\/v2\/comments?post=1333"}],"version-history":[{"count":1,"href":"https:\/\/neanoticias.com\/index.php\/wp-json\/wp\/v2\/posts\/1333\/revisions"}],"predecessor-version":[{"id":1335,"href":"https:\/\/neanoticias.com\/index.php\/wp-json\/wp\/v2\/posts\/1333\/revisions\/1335"}],"wp:featuredmedia":[{"embeddable":true,"href":"https:\/\/neanoticias.com\/index.php\/wp-json\/wp\/v2\/media\/1334"}],"wp:attachment":[{"href":"https:\/\/neanoticias.com\/index.php\/wp-json\/wp\/v2\/media?parent=1333"}],"wp:term":[{"taxonomy":"category","embeddable":true,"href":"https:\/\/neanoticias.com\/index.php\/wp-json\/wp\/v2\/categories?post=1333"},{"taxonomy":"post_tag","embeddable":true,"href":"https:\/\/neanoticias.com\/index.php\/wp-json\/wp\/v2\/tags?post=1333"}],"curies":[{"name":"wp","href":"https:\/\/api.w.org\/{rel}","templated":true}]}}