{"id":1327,"date":"2024-03-20T13:01:01","date_gmt":"2024-03-20T13:01:01","guid":{"rendered":"https:\/\/neanoticias.com\/?p=1327"},"modified":"2024-03-20T13:01:02","modified_gmt":"2024-03-20T13:01:02","slug":"volvieron-a-detener-a-entrerriano-que-entro-a-delinquir-en-seis-casas","status":"publish","type":"post","link":"https:\/\/neanoticias.com\/index.php\/2024\/03\/20\/volvieron-a-detener-a-entrerriano-que-entro-a-delinquir-en-seis-casas\/","title":{"rendered":"VOLVIERON A DETENER A ENTRERRIANO QUE ENTR\u00d3 A DELINQUIR EN SEIS CASAS"},"content":{"rendered":"\n<p>Es un ladr\u00f3n que act\u00faa con marcada intrepidez. C\u00e1maras de seguridad lo captaron recorriendo viviendas en pleno il\u00edcito. En febrero cay\u00f3 en manos de la Polic\u00eda por un triple golpe. Y entre el \u00faltimo domingo a la noche y madrugada de lunes repiti\u00f3 la modalidad.<\/p>\n\n\n\n<figure class=\"wp-block-image size-full\"><img loading=\"lazy\" width=\"762\" height=\"556\" src=\"https:\/\/neanoticias.com\/wp-content\/uploads\/2024\/03\/1353487w762h556c.jpg.webp\" alt=\"\" class=\"wp-image-1328\" srcset=\"https:\/\/neanoticias.com\/wp-content\/uploads\/2024\/03\/1353487w762h556c.jpg.webp 762w, https:\/\/neanoticias.com\/wp-content\/uploads\/2024\/03\/1353487w762h556c.jpg-300x219.webp 300w\" sizes=\"(max-width: 762px) 100vw, 762px\" \/><\/figure>\n\n\n\n<p>La Polic\u00eda detuvo por segunda vez, en la capital correntina y en poco m\u00e1s de un mes, a un delincuente oriundo de la provincia de Entre R\u00edos descubierto luego de ingresar con fines de robo en al menos seis viviendas.<\/p>\n\n\n\n<p>Se trata de Gustavo Oscar V., de 30 a\u00f1os, alias &#8220;Entrerriano&#8221;, quien utiliza una metodolog\u00eda que lo posiciona como un ladr\u00f3n intr\u00e9pido porque escala muros, recorre techos y sortea todo tipo de rejas, p\u00faas y alambrados con sorprendente habilidad.<\/p>\n\n\n\n<p>Recientes grabaciones de c\u00e1maras de seguridad privada tomaron a este sujeto como responsable de vulnerar tres domicilios ubicados en los barrios San Roque Este y San Antonio Oeste.<\/p>\n\n\n\n<p>En igual zona de la ciudad, pero en el mes de febrero, cay\u00f3 luego de sustraer celulares, billeteras, dinero, computadora y mochilas.<\/p>\n\n\n\n<p>A pesar de afrontar un proceso judicial por el delito de hurto calificado pas\u00f3 unos pocos d\u00edas en calidad de detenido en la Comisar\u00eda Seccional Decimoquinta.<\/p>\n\n\n\n<p>Una vez en libertad habr\u00eda cometido incontables delitos, aunque existir\u00edan indicios suficientes para relacionarlo a tres de ellos, los cuales fueron registrados entre la noche del \u00faltimo domingo y la madrugada del lunes.<\/p>\n\n\n\n<p>Efectivos del Grupo de Respuesta Inmediata Motorizada 5 (GRIM 5) respondieron a llamados v\u00eda sistema de emergencias 911 que realizaron vecinos que habitan cercan\u00edas de la esquina entre calles Yapey\u00fa y Yofre.<\/p>\n\n\n\n<p>Anteayer, a las 3:15, una de las personas que solicit\u00f3 auxilio a la fuerza de seguridad manifest\u00f3 haber detectado a un desconocido pasando &#8220;de techo a techo&#8221; entre viviendas lindantes.<\/p>\n\n\n\n<p>Hacia el lugar concurri\u00f3 la patrulla que dio con el sospechoso a 200 metros en la intersecci\u00f3n entre las arterias Los Calchaqu\u00edes y Los Guaran\u00edes.<\/p>\n\n\n\n<p>Para sorpresa de los uniformados, el sujeto reducido mientras intentaba alejarse de la zona era nada menos que &#8220;el Entrerriano&#8221;.<\/p>\n\n\n\n<p>El 15 de febrero a la siesta fue otra dotaci\u00f3n del GRIM 5, la que dio persecuci\u00f3n hasta detener al mismo hombre en el barrio San Antonio Oeste.<\/p>\n\n\n\n<p>En aquella ocasi\u00f3n, el hombre hu\u00eda del barrio Concepci\u00f3n, donde fue responsable de la sustracci\u00f3n de diversos bienes de adentro de tres casas.<\/p>\n\n\n\n<p>Al momento de su anterior detenci\u00f3n llevaba en una mochila una computadora port\u00e1til, dos billeteras con cuatro d\u00f3lares y 71.000 pesos que sac\u00f3 del domicilio de un hombre que dorm\u00eda la siesta.<\/p>\n\n\n\n<p>Im\u00e1genes de video obtenidas por \u00e9poca muestran al autor de los robos caminando encima de medianeras, techos y pasando con sigilo por arriba de muros de m\u00e1s de dos metros de altura.<\/p>\n\n\n\n<p>En ninguno de los hechos el hombre de calvicie prominente cubri\u00f3 su rostro, aunque utiliz\u00f3 una misma gorra con visera como \u00fanico elemento en procura de disimular su identidad.<\/p>\n\n\n\n<p>Por una raz\u00f3n de jurisdicci\u00f3n fue trasladado a la Comisar\u00eda Decimoquinta.<\/p>\n\n\n\n<p>Trascendi\u00f3 que tal persona habitar\u00eda en un inmueble alquilado en el sector donde lo encontraron cometiendo la serie de il\u00edcitos.<\/p>\n","protected":false},"excerpt":{"rendered":"<p>Es un ladr\u00f3n que act\u00faa con marcada intrepidez. C\u00e1maras de seguridad lo captaron recorriendo viviendas&#8230;<\/p>\n","protected":false},"author":1,"featured_media":1328,"comment_status":"open","ping_status":"open","sticky":false,"template":"","format":"standard","meta":[],"categories":[1],"tags":[],"_links":{"self":[{"href":"https:\/\/neanoticias.com\/index.php\/wp-json\/wp\/v2\/posts\/1327"}],"collection":[{"href":"https:\/\/neanoticias.com\/index.php\/wp-json\/wp\/v2\/posts"}],"about":[{"href":"https:\/\/neanoticias.com\/index.php\/wp-json\/wp\/v2\/types\/post"}],"author":[{"embeddable":true,"href":"https:\/\/neanoticias.com\/index.php\/wp-json\/wp\/v2\/users\/1"}],"replies":[{"embeddable":true,"href":"https:\/\/neanoticias.com\/index.php\/wp-json\/wp\/v2\/comments?post=1327"}],"version-history":[{"count":1,"href":"https:\/\/neanoticias.com\/index.php\/wp-json\/wp\/v2\/posts\/1327\/revisions"}],"predecessor-version":[{"id":1329,"href":"https:\/\/neanoticias.com\/index.php\/wp-json\/wp\/v2\/posts\/1327\/revisions\/1329"}],"wp:featuredmedia":[{"embeddable":true,"href":"https:\/\/neanoticias.com\/index.php\/wp-json\/wp\/v2\/media\/1328"}],"wp:attachment":[{"href":"https:\/\/neanoticias.com\/index.php\/wp-json\/wp\/v2\/media?parent=1327"}],"wp:term":[{"taxonomy":"category","embeddable":true,"href":"https:\/\/neanoticias.com\/index.php\/wp-json\/wp\/v2\/categories?post=1327"},{"taxonomy":"post_tag","embeddable":true,"href":"https:\/\/neanoticias.com\/index.php\/wp-json\/wp\/v2\/tags?post=1327"}],"curies":[{"name":"wp","href":"https:\/\/api.w.org\/{rel}","templated":true}]}}