{"id":1323,"date":"2024-02-26T13:41:36","date_gmt":"2024-02-26T13:41:36","guid":{"rendered":"https:\/\/neanoticias.com\/?p=1323"},"modified":"2024-02-26T13:41:36","modified_gmt":"2024-02-26T13:41:36","slug":"gran-movimiento-turistico-y-economico-en-la-ciudad-durante-el-fin-de-semana-de-carnaval","status":"publish","type":"post","link":"https:\/\/neanoticias.com\/index.php\/2024\/02\/26\/gran-movimiento-turistico-y-economico-en-la-ciudad-durante-el-fin-de-semana-de-carnaval\/","title":{"rendered":"GRAN MOVIMIENTO TUR\u00cdSTICO Y ECON\u00d3MICO EN LA CIUDAD DURANTE EL FIN DE SEMANA DE CARNAVAL"},"content":{"rendered":"\n<p><em>Desde la Municipalidad se destac\u00f3 la total ocupaci\u00f3n de alojamientos, as\u00ed como la presencia de visitantes del norte, centro y sur del pa\u00eds e incluso de Paraguay, Uruguay y Chile. El carnaval y las playas fueron motor del movimiento emprendedor, gastron\u00f3mico, de transporte y entretenimiento en la ciudad, con un promedio de gasto diario de $30.000 por visitante.<\/em><br>\u00a0<\/p>\n\n\n\n<figure class=\"wp-block-image size-large\"><img loading=\"lazy\" width=\"1024\" height=\"807\" src=\"https:\/\/neanoticias.com\/wp-content\/uploads\/2024\/02\/c6f8dafc-2cba-59a9-4e90-52156b04e3f8-1024x807.jpeg\" alt=\"\" class=\"wp-image-1324\" srcset=\"https:\/\/neanoticias.com\/wp-content\/uploads\/2024\/02\/c6f8dafc-2cba-59a9-4e90-52156b04e3f8-1024x807.jpeg 1024w, https:\/\/neanoticias.com\/wp-content\/uploads\/2024\/02\/c6f8dafc-2cba-59a9-4e90-52156b04e3f8-300x236.jpeg 300w, https:\/\/neanoticias.com\/wp-content\/uploads\/2024\/02\/c6f8dafc-2cba-59a9-4e90-52156b04e3f8-768x605.jpeg 768w, https:\/\/neanoticias.com\/wp-content\/uploads\/2024\/02\/c6f8dafc-2cba-59a9-4e90-52156b04e3f8-1536x1210.jpeg 1536w, https:\/\/neanoticias.com\/wp-content\/uploads\/2024\/02\/c6f8dafc-2cba-59a9-4e90-52156b04e3f8-2048x1614.jpeg 2048w\" sizes=\"(max-width: 1024px) 100vw, 1024px\" \/><\/figure>\n\n\n\n<p>La Municipalidad capitalina hizo un balance sumamente positivo del fin de semana tur\u00edstico con la presencia de aproximadamente 6.500 visitantes, que afirma y posiciona a Corrientes como una ciudad tur\u00edstica, uno de los ejes principales en los que hace hincapi\u00e9 el intendente Eduardo Tassano desde su primera gesti\u00f3n de gobierno.&nbsp;<\/p>\n\n\n\n<p>El Secretario de Turismo y Deportes, Juan Enrique Braillard Poccard manifest\u00f3 que \u201cla temporada de verano vino de menor a mayor y fue muy muy positiva para el cierre de enero y comienzo de febrero, en particular este fin de semana largo de carnaval que siempre es el m\u00e1s fuerte\u201d. En lo que va de la temporada se registraron m\u00e1s de 322.000 visitantes a las playas p\u00fablicas correntinas.<\/p>\n\n\n\n<p>El funcionario indic\u00f3 que durante el fin de semana \u201ctuvimos un ciento por ciento de ocupaci\u00f3n hotelera en la ciudad, con un derrame tambi\u00e9n en lo que hace al Gran Corrientes y Resistencia que es muy importante para la vida econ\u00f3mica de estas dos ciudades que tienen un trabajo mancomunado muy interesante durante todo el a\u00f1o\u201d.<\/p>\n\n\n\n<p>Braillard Poccard detall\u00f3 que la ciudad de Corrientes cuenta con 2.400 plazas hoteleras que estuvieron ocupadas aproximadamente por dos noches, pero con una buena rotaci\u00f3n. Tambi\u00e9n una alta demanda de las camas no tradicionales, como departamentos o casas quintas, que se alquilan a trav\u00e9s de distintas plataformas, superando las 1.000 camas, estimando que los turistas que nos visitaron fueron entre 6.000 y 6.500 personas, sin contar los vecinos chaque\u00f1os que cruzan todos los d\u00edas en centenares tanto para visitar nuestras playas como para venir a disfrutar del carnaval correntino\u201d.<\/p>\n\n\n\n<p>En cuanto a la procedencia de los turistas, el secretario de Turismo y Deportes municipal se\u00f1al\u00f3: \u201cNuestros fieles visitantes eran del Norte de la Argentina, pero esta vez nos hemos sorprendido gratamente con turistas de R\u00edo Gallegos, de Buenos Aires, de Uruguay, de Chile y obviamente siempre nos acompa\u00f1an muchos paraguayos a los que le gusta mucho la capital correntina, su noche, sus playas y obviamente que el carnaval es algo que invita. En cuanto al brasile\u00f1o, en particular viene por pesca a la provincia de Corrientes pero usa la ciudad capital como puerta de entrada y se queda una o dos noches a disfrutar por aqu\u00ed\u201d.<\/p>\n\n\n\n<p>\u201cSeg\u00fan los datos del observatorio tur\u00edstico municipal el gasto promedio diario por turista ha rondado los $30.000, que es un n\u00famero interesante, m\u00e1s all\u00e1 del deterioro de nuestra moneda. Esto signific\u00f3 un movimiento econ\u00f3mico para la ciudad muy positivo, activando varios sectores, no solo el hotelero sino tambi\u00e9n el gastron\u00f3mico, comercial, de transporte, de nuestros emprendedores gastron\u00f3micos, cerveceros locales, y sobre todo tambi\u00e9n los artesanos que obviamente hacen un trabajo muy importante en la ciudad estando presente en nuestros espacios p\u00fablicos y en todos los eventos que realizamos\u201d, cont\u00f3.<\/p>\n\n\n\n<p>Sobre la apuesta al v\u00ednculo de la cultura y turismo para atraer a los turistas, el funcionario record\u00f3 que \u201cCorrientes es una de las ciudades m\u00e1s antiguas de la Argentina, por lo tanto tiene una riqueza cultural y arquitect\u00f3nica muy importante y ha habido una decisi\u00f3n pol\u00edtica tanto del Gobierno de la Provincia como de la Municipalidad de la ciudad revalorizar todas nuestras riquezas y mostrar al turista y al vecino todo lo que tiene la ciudad\u201d.<\/p>\n\n\n\n<p>\u201cCorrientes no solo muestra su chamam\u00e9 en la fiesta nacional sino tambi\u00e9n en las distintas pe\u00f1as, el carnaval, no solo el oficial y m\u00e1s grande sino tambi\u00e9n d\u00e1ndole un marco interesante y muy importante de promoci\u00f3n al Carnaval Barrial, as\u00ed como la fiesta de San Baltasar y los shows de comparsas que este a\u00f1o la Municipalidad ha invitado de manera gratuita a miles de vecinos por noche. Hemos tenido 8.000 personas cada una de las noches de show en el anfiteatro Mario del Tr\u00e1nsito Cocomarola\u201d.<\/p>\n\n\n\n<p>Cabe destacar que en lo que va de la temporada de playas, desde octubre pasado, se registraron 322.933 visitantes a los balnearios p\u00fablicos, y durante febrero la ocupaci\u00f3n hotelera se mantiene en un promedio de 75%.<\/p>\n\n\n\n<p>ELECCI\u00d3N DE EMBAJADORES\/AS NACIONALES<\/p>\n\n\n\n<p>El secretario de Turismo y Deportes municipal inform\u00f3 que \u201ceste jueves 15 de febrero se har\u00e1 la elecci\u00f3n de los Embajadores Nacionales en el Centro de Convenciones de la Ciudad ubicado por la avenida Gregorio Pomar, detr\u00e1s del shopping y del hipermercado, a partir de las 21 horas\u201d.<\/p>\n\n\n\n<p>\u201cTambi\u00e9n es un momento muy importante de nuestra fiesta e invitamos a que lo vean para poder observar el esplendor y la belleza de los trajes de los candidatos que han elegido cada una de las comparsas y agrupaciones de la Capital, adem\u00e1s de la visita de algunos embajadores y representantes de otras fiestas provinciales que vienen a competir por ese tan importante galard\u00f3n que los llevar\u00e1 a representar a la Provincia de Corrientes en todas las fiestas nacionales e internacionales y distintas ferias en las que nos invitan\u201d, precis\u00f3.<\/p>\n\n\n\n<p>CIERRE DEL CARNAVAL Y DUELO DE BATER\u00cdAS<\/p>\n\n\n\n<p>El Carnaval Oficial se apresta a vivir sus \u00faltimas noches, y todo indica que ser\u00e1 ante un marco multitudinario en el cors\u00f3dromo Nolo Al\u00edas. \u201cLa empresa organizadora nos ha comentado que las preventas de las entradas vienen muy bien para estos dos \u00faltimos d\u00edas de desfile, que ser\u00e1n el viernes 16 y s\u00e1bado 17 de febrero, por lo que seguramente vamos a estar en un ciento por ciento de capacidad\u201d.<\/p>\n\n\n\n<p>Por otra parte, Braillard Poccard anunci\u00f3 que \u201cel pr\u00f3ximo domingo 18 de febrero tendr\u00e1 lugar el duelo de bater\u00eda de agrupaciones que deber\u00eda haber sido este martes, pero por cuestiones clim\u00e1ticas decidimos postergar, ya que es un evento \u00fanico que lo pusimos en pr\u00e1ctica el a\u00f1o pasado y no quer\u00edamos que se vea opacada esta fiesta por el clima\u201d.<\/p>\n\n\n\n<p>ESCRUTINIO<\/p>\n\n\n\n<p>A ra\u00edz de que el duelo de bater\u00edas se har\u00e1 el domingo, el escrutinio definitivo de los carnavales se realizar\u00e1 el lunes 19 de febrero, despu\u00e9s del mediod\u00eda en el Club de Regatas Corrientes, donde se dar\u00e1n a conocer a los comparsas y agrupaciones campeonas y ganadores de las distintas categor\u00edas.<\/p>\n","protected":false},"excerpt":{"rendered":"<p>Desde la Municipalidad se destac\u00f3 la total ocupaci\u00f3n de alojamientos, as\u00ed como la presencia de&#8230;<\/p>\n","protected":false},"author":1,"featured_media":1324,"comment_status":"open","ping_status":"open","sticky":false,"template":"","format":"standard","meta":[],"categories":[1],"tags":[],"_links":{"self":[{"href":"https:\/\/neanoticias.com\/index.php\/wp-json\/wp\/v2\/posts\/1323"}],"collection":[{"href":"https:\/\/neanoticias.com\/index.php\/wp-json\/wp\/v2\/posts"}],"about":[{"href":"https:\/\/neanoticias.com\/index.php\/wp-json\/wp\/v2\/types\/post"}],"author":[{"embeddable":true,"href":"https:\/\/neanoticias.com\/index.php\/wp-json\/wp\/v2\/users\/1"}],"replies":[{"embeddable":true,"href":"https:\/\/neanoticias.com\/index.php\/wp-json\/wp\/v2\/comments?post=1323"}],"version-history":[{"count":1,"href":"https:\/\/neanoticias.com\/index.php\/wp-json\/wp\/v2\/posts\/1323\/revisions"}],"predecessor-version":[{"id":1325,"href":"https:\/\/neanoticias.com\/index.php\/wp-json\/wp\/v2\/posts\/1323\/revisions\/1325"}],"wp:featuredmedia":[{"embeddable":true,"href":"https:\/\/neanoticias.com\/index.php\/wp-json\/wp\/v2\/media\/1324"}],"wp:attachment":[{"href":"https:\/\/neanoticias.com\/index.php\/wp-json\/wp\/v2\/media?parent=1323"}],"wp:term":[{"taxonomy":"category","embeddable":true,"href":"https:\/\/neanoticias.com\/index.php\/wp-json\/wp\/v2\/categories?post=1323"},{"taxonomy":"post_tag","embeddable":true,"href":"https:\/\/neanoticias.com\/index.php\/wp-json\/wp\/v2\/tags?post=1323"}],"curies":[{"name":"wp","href":"https:\/\/api.w.org\/{rel}","templated":true}]}}