{"id":132,"date":"2022-09-02T14:06:19","date_gmt":"2022-09-02T14:06:19","guid":{"rendered":"https:\/\/neanoticias.com\/?p=132"},"modified":"2022-09-02T14:06:20","modified_gmt":"2022-09-02T14:06:20","slug":"como-sigue-la-busqueda-de-rocio-gaitan","status":"publish","type":"post","link":"https:\/\/neanoticias.com\/index.php\/2022\/09\/02\/como-sigue-la-busqueda-de-rocio-gaitan\/","title":{"rendered":"C\u00d3MO SIGUE LA BUSQUEDA DE ROC\u00cdO GAIT\u00c1N"},"content":{"rendered":"\n<p>La joven se encuentra desaparecida desde el mi\u00e9rcoles por la ma\u00f1ana cuando se la vio por \u00faltima vez en el ingreso del colegio N\u00b014. Piden la intervenci\u00f3n de las fuerzas federales para que la busquen en la zona de la playa del barrio Molina Punta.\u00a0<\/p>\n\n\n\n<p><\/p>\n\n\n\n<figure class=\"wp-block-image size-full\"><img loading=\"lazy\" width=\"850\" height=\"699\" src=\"https:\/\/neanoticias.com\/wp-content\/uploads\/2022\/09\/1247456w850h699c.jpg.webp\" alt=\"\" class=\"wp-image-133\" srcset=\"https:\/\/neanoticias.com\/wp-content\/uploads\/2022\/09\/1247456w850h699c.jpg.webp 850w, https:\/\/neanoticias.com\/wp-content\/uploads\/2022\/09\/1247456w850h699c.jpg-300x247.webp 300w, https:\/\/neanoticias.com\/wp-content\/uploads\/2022\/09\/1247456w850h699c.jpg-768x632.webp 768w\" sizes=\"(max-width: 850px) 100vw, 850px\" \/><\/figure>\n\n\n\n<p>Contin\u00faa la intensa b\u00fasqueda para hallar a&nbsp;<strong>Roc\u00edo Gait\u00e1n, la joven de 12 a\u00f1os que se encuentra desaparecida desde el mi\u00e9rcoles<\/strong>&nbsp;por la ma\u00f1ana cuando se la vio por \u00faltima vez en inmediaciones de la puerta de ingreso de la Escuela N\u00ba 14 Del Sesquicentenario.&nbsp;<\/p>\n\n\n\n<p>El abogado de la familia de la menor, Hermindo Gonz\u00e1lez, coment\u00f3 sobre c\u00f3mo viene la investigaci\u00f3n del caso y al respecto dijo: &#8220;Se han aportado a la polic\u00eda diversos datos vinculados a algunas l\u00edneas de investigaci\u00f3n. Anoche se reuni\u00f3 conmigo el jefe del operativo donde me expuso el contexto del trabajo que viene realizando la polic\u00eda&#8221;, cont\u00f3 el letrado en di\u00e1logo con Radio Dos.&nbsp;<\/p>\n\n\n\n<p>Y a\u00f1adi\u00f3 que &#8220;le manifestamos nuestra preocupaci\u00f3n por el transcurso del tiempo y por algunas situaciones que nosotros ve\u00edamos como que no se estaba llevando adelante. E inmediatamente&nbsp;<strong>empezaron a articular lo necesario para profundizar la b\u00fasqueda<\/strong>&#8220;.&nbsp;<\/p>\n\n\n\n<p>Luego, Gonz\u00e1lez precis\u00f3 que los efectivos arribaron a algunos lugares &#8220;con datos bastantes objetivos&#8221;, pero que<strong>&nbsp;no pudieron ingresar a ning\u00fan domicilio ante la falta de orden de allanamientos.<\/strong>&nbsp;En ese sentido, estim\u00f3 que hoy &#8220;ser\u00e1 un d\u00eda de que podamos sortear ese inconveniente y esperamos arribar a un resultado positivo&#8221;. &nbsp;<\/p>\n\n\n\n<p>A su vez, adelant\u00f3 que\u00a0<strong>pedir\u00e1n la intervenci\u00f3n de las fuerzas federales para que la busquen a Roc\u00edo por el agua<\/strong>, ya que una de las l\u00edneas de investigaci\u00f3n indica que cerca de la playa del barrio Molina Punta habr\u00eda una huella dejada por el celular de la joven. Esto fue detectado a trav\u00e9s de los sistemas de rastreos que indicar\u00edan que en esa zona habr\u00eda estado la menor, seg\u00fan explic\u00f3 Gonz\u00e1lez.\u00a0<\/p>\n\n\n\n<p>Al mismo tiempo, record\u00f3 que la joven fue vista por \u00faltima vez el mi\u00e9rcoles por la ma\u00f1ana a la hora del ingreso a la escuela, seg\u00fan se\u00f1alaron algunos testigos. &#8220;Luego se ha perdido rastros de ella. Y&nbsp;<strong>su tel\u00e9fono recib\u00eda las llamadas hasta altas horas de anoche pero no eran contestadas<\/strong>. Pero luego se ha apagado o se qued\u00f3 sin bater\u00eda&#8221;, revel\u00f3.&nbsp;<\/p>\n\n\n\n<p>Por \u00faltimo, Hermindo cont\u00f3 que volver\u00e1n a manifestarse hasta que Roc\u00edo Gait\u00e1n aparezca con vida. La movilizaci\u00f3n est\u00e1 prevista que se lleve adelante por avenida Armenia y Ceibo, lugar donde ya se concentraron ayer en horas de la tarde y noche.\u00a0 <\/p>\n\n\n\n<figure class=\"wp-block-image size-full\"><img loading=\"lazy\" width=\"942\" height=\"720\" src=\"https:\/\/neanoticias.com\/wp-content\/uploads\/2022\/09\/1247460h720.jpg.webp\" alt=\"\" class=\"wp-image-134\" srcset=\"https:\/\/neanoticias.com\/wp-content\/uploads\/2022\/09\/1247460h720.jpg.webp 942w, https:\/\/neanoticias.com\/wp-content\/uploads\/2022\/09\/1247460h720.jpg-300x229.webp 300w, https:\/\/neanoticias.com\/wp-content\/uploads\/2022\/09\/1247460h720.jpg-768x587.webp 768w\" sizes=\"(max-width: 942px) 100vw, 942px\" \/><\/figure>\n\n\n\n<p><strong>Caracter\u00edsticas de Roc\u00edo Aymar\u00e1 Gait\u00e1n&nbsp;<\/strong><\/p>\n\n\n\n<p>Sus caracter\u00edsticas f\u00edsicas son las siguientes: de 1,48 mts de estatura aproximadamente, tez trigue\u00f1a, contextura f\u00edsica delgada, cabellos de color oscuro casta\u00f1o; ojos color marron oscuros; sin se\u00f1a particulares visibles. Al momento de su ausencia, vest\u00eda un pantal\u00f3n color azul, de vestir, con campera de color marron y una negra; llevaba una mochila, de color azul y blanca, con letras blancas que dice &#8220;Adidas&#8221;.&nbsp;<\/p>\n\n\n\n<p><\/p>\n","protected":false},"excerpt":{"rendered":"<p>La joven se encuentra desaparecida desde el mi\u00e9rcoles por la ma\u00f1ana cuando se la vio&#8230;<\/p>\n","protected":false},"author":1,"featured_media":133,"comment_status":"open","ping_status":"open","sticky":false,"template":"","format":"standard","meta":[],"categories":[1],"tags":[],"_links":{"self":[{"href":"https:\/\/neanoticias.com\/index.php\/wp-json\/wp\/v2\/posts\/132"}],"collection":[{"href":"https:\/\/neanoticias.com\/index.php\/wp-json\/wp\/v2\/posts"}],"about":[{"href":"https:\/\/neanoticias.com\/index.php\/wp-json\/wp\/v2\/types\/post"}],"author":[{"embeddable":true,"href":"https:\/\/neanoticias.com\/index.php\/wp-json\/wp\/v2\/users\/1"}],"replies":[{"embeddable":true,"href":"https:\/\/neanoticias.com\/index.php\/wp-json\/wp\/v2\/comments?post=132"}],"version-history":[{"count":1,"href":"https:\/\/neanoticias.com\/index.php\/wp-json\/wp\/v2\/posts\/132\/revisions"}],"predecessor-version":[{"id":135,"href":"https:\/\/neanoticias.com\/index.php\/wp-json\/wp\/v2\/posts\/132\/revisions\/135"}],"wp:featuredmedia":[{"embeddable":true,"href":"https:\/\/neanoticias.com\/index.php\/wp-json\/wp\/v2\/media\/133"}],"wp:attachment":[{"href":"https:\/\/neanoticias.com\/index.php\/wp-json\/wp\/v2\/media?parent=132"}],"wp:term":[{"taxonomy":"category","embeddable":true,"href":"https:\/\/neanoticias.com\/index.php\/wp-json\/wp\/v2\/categories?post=132"},{"taxonomy":"post_tag","embeddable":true,"href":"https:\/\/neanoticias.com\/index.php\/wp-json\/wp\/v2\/tags?post=132"}],"curies":[{"name":"wp","href":"https:\/\/api.w.org\/{rel}","templated":true}]}}