{"id":1311,"date":"2024-02-26T13:24:42","date_gmt":"2024-02-26T13:24:42","guid":{"rendered":"https:\/\/neanoticias.com\/?p=1311"},"modified":"2024-02-26T13:24:43","modified_gmt":"2024-02-26T13:24:43","slug":"impactante-choque-entre-una-camioneta-y-un-camion-en-corrientes","status":"publish","type":"post","link":"https:\/\/neanoticias.com\/index.php\/2024\/02\/26\/impactante-choque-entre-una-camioneta-y-un-camion-en-corrientes\/","title":{"rendered":"IMPACTANTE CHOQUE ENTRE UNA CAMIONETA Y UN CAMI\u00d3N EN CORRIENTES"},"content":{"rendered":"\n<p>El siniestro vial fue registrado en horas de la noche del s\u00e1bado.\u00a0<\/p>\n\n\n\n<figure class=\"wp-block-image size-full\"><img loading=\"lazy\" width=\"770\" height=\"440\" src=\"https:\/\/neanoticias.com\/wp-content\/uploads\/2024\/02\/1708900346414.webp\" alt=\"\" class=\"wp-image-1312\" srcset=\"https:\/\/neanoticias.com\/wp-content\/uploads\/2024\/02\/1708900346414.webp 770w, https:\/\/neanoticias.com\/wp-content\/uploads\/2024\/02\/1708900346414-300x171.webp 300w, https:\/\/neanoticias.com\/wp-content\/uploads\/2024\/02\/1708900346414-768x439.webp 768w\" sizes=\"(max-width: 770px) 100vw, 770px\" \/><\/figure>\n\n\n\n<p>Un impactante choque entre una&nbsp;camioneta y un cami\u00f3n se registr\u00f3 sobre un ruta entre las localidades correntinas de&nbsp;Mercedes y Felipe Yofre.<\/p>\n\n\n\n<p>Seg\u00fan las primeras averiguaciones, el siniestro vial ocurri\u00f3 el s\u00e1bado sobre&nbsp;la ruta Nacional 123&nbsp;a la altura del km 87.<\/p>\n\n\n\n<p>El mismo, tuvo como protagonista a un cami\u00f3n que viajaba con destino a Buenos Aires y una camioneta que se dirig\u00eda a Felipe Yofre.<\/p>\n\n\n\n<p>Hasta el momento, los primeros datos indican que ambos conductores de los veh\u00edculos\u00a0sufrieron lesiones de car\u00e1cter leves.<\/p>\n","protected":false},"excerpt":{"rendered":"<p>El siniestro vial fue registrado en horas de la noche del s\u00e1bado.\u00a0 Un impactante choque&#8230;<\/p>\n","protected":false},"author":1,"featured_media":1312,"comment_status":"open","ping_status":"open","sticky":false,"template":"","format":"standard","meta":[],"categories":[1],"tags":[],"_links":{"self":[{"href":"https:\/\/neanoticias.com\/index.php\/wp-json\/wp\/v2\/posts\/1311"}],"collection":[{"href":"https:\/\/neanoticias.com\/index.php\/wp-json\/wp\/v2\/posts"}],"about":[{"href":"https:\/\/neanoticias.com\/index.php\/wp-json\/wp\/v2\/types\/post"}],"author":[{"embeddable":true,"href":"https:\/\/neanoticias.com\/index.php\/wp-json\/wp\/v2\/users\/1"}],"replies":[{"embeddable":true,"href":"https:\/\/neanoticias.com\/index.php\/wp-json\/wp\/v2\/comments?post=1311"}],"version-history":[{"count":1,"href":"https:\/\/neanoticias.com\/index.php\/wp-json\/wp\/v2\/posts\/1311\/revisions"}],"predecessor-version":[{"id":1313,"href":"https:\/\/neanoticias.com\/index.php\/wp-json\/wp\/v2\/posts\/1311\/revisions\/1313"}],"wp:featuredmedia":[{"embeddable":true,"href":"https:\/\/neanoticias.com\/index.php\/wp-json\/wp\/v2\/media\/1312"}],"wp:attachment":[{"href":"https:\/\/neanoticias.com\/index.php\/wp-json\/wp\/v2\/media?parent=1311"}],"wp:term":[{"taxonomy":"category","embeddable":true,"href":"https:\/\/neanoticias.com\/index.php\/wp-json\/wp\/v2\/categories?post=1311"},{"taxonomy":"post_tag","embeddable":true,"href":"https:\/\/neanoticias.com\/index.php\/wp-json\/wp\/v2\/tags?post=1311"}],"curies":[{"name":"wp","href":"https:\/\/api.w.org\/{rel}","templated":true}]}}