{"id":1302,"date":"2024-02-26T13:18:56","date_gmt":"2024-02-26T13:18:56","guid":{"rendered":"https:\/\/neanoticias.com\/?p=1302"},"modified":"2024-02-26T13:18:56","modified_gmt":"2024-02-26T13:18:56","slug":"un-joven-esta-grave-tras-ser-apunalado-en-una-pelea-callejera","status":"publish","type":"post","link":"https:\/\/neanoticias.com\/index.php\/2024\/02\/26\/un-joven-esta-grave-tras-ser-apunalado-en-una-pelea-callejera\/","title":{"rendered":"UN JOVEN EST\u00c1 GRAVE TRAS SER APU\u00d1ALADO EN UNA PELEA CALLEJERA"},"content":{"rendered":"\n<p>El hecho fue registrado el fin de semana en una localidad correntina.\u00a0<\/p>\n\n\n\n<figure class=\"wp-block-image size-full\"><img loading=\"lazy\" width=\"770\" height=\"440\" src=\"https:\/\/neanoticias.com\/wp-content\/uploads\/2024\/02\/1708951117683.webp\" alt=\"\" class=\"wp-image-1303\" srcset=\"https:\/\/neanoticias.com\/wp-content\/uploads\/2024\/02\/1708951117683.webp 770w, https:\/\/neanoticias.com\/wp-content\/uploads\/2024\/02\/1708951117683-300x171.webp 300w, https:\/\/neanoticias.com\/wp-content\/uploads\/2024\/02\/1708951117683-768x439.webp 768w\" sizes=\"(max-width: 770px) 100vw, 770px\" \/><\/figure>\n\n\n\n<p>Un joven est\u00e1 grave luego de haber sido apu\u00f1alado en una pelea callejera en la localidad correntina de Paso de los Libres.&nbsp;<\/p>\n\n\n\n<p>El violento hecho ocurri\u00f3 durante el fin de semana en las inmediaciones de una fiesta en la zona del Aeropuerto de dicha localidad.&nbsp;<\/p>\n\n\n\n<p>Seg\u00fan&nbsp;testigos que presenciaron la pelea, el joven identificado como&nbsp;Luciano G. recibi\u00f3 tres pu\u00f1aladas por parte de un menor de 15 a\u00f1os.&nbsp;<\/p>\n\n\n\n<p>Hasta el momento, los primeros datos indican que ser\u00edan 7&nbsp;los implicados en el hecho, todos ellos menores de edad y quienes est\u00e1n en libertad.&nbsp;<\/p>\n\n\n\n<p>La justicia se encuentra investigando&nbsp;en qu\u00e9 contexto ocurri\u00f3 la pelea.<\/p>\n","protected":false},"excerpt":{"rendered":"<p>El hecho fue registrado el fin de semana en una localidad correntina.\u00a0 Un joven est\u00e1&#8230;<\/p>\n","protected":false},"author":1,"featured_media":1303,"comment_status":"open","ping_status":"open","sticky":false,"template":"","format":"standard","meta":[],"categories":[1],"tags":[],"_links":{"self":[{"href":"https:\/\/neanoticias.com\/index.php\/wp-json\/wp\/v2\/posts\/1302"}],"collection":[{"href":"https:\/\/neanoticias.com\/index.php\/wp-json\/wp\/v2\/posts"}],"about":[{"href":"https:\/\/neanoticias.com\/index.php\/wp-json\/wp\/v2\/types\/post"}],"author":[{"embeddable":true,"href":"https:\/\/neanoticias.com\/index.php\/wp-json\/wp\/v2\/users\/1"}],"replies":[{"embeddable":true,"href":"https:\/\/neanoticias.com\/index.php\/wp-json\/wp\/v2\/comments?post=1302"}],"version-history":[{"count":1,"href":"https:\/\/neanoticias.com\/index.php\/wp-json\/wp\/v2\/posts\/1302\/revisions"}],"predecessor-version":[{"id":1304,"href":"https:\/\/neanoticias.com\/index.php\/wp-json\/wp\/v2\/posts\/1302\/revisions\/1304"}],"wp:featuredmedia":[{"embeddable":true,"href":"https:\/\/neanoticias.com\/index.php\/wp-json\/wp\/v2\/media\/1303"}],"wp:attachment":[{"href":"https:\/\/neanoticias.com\/index.php\/wp-json\/wp\/v2\/media?parent=1302"}],"wp:term":[{"taxonomy":"category","embeddable":true,"href":"https:\/\/neanoticias.com\/index.php\/wp-json\/wp\/v2\/categories?post=1302"},{"taxonomy":"post_tag","embeddable":true,"href":"https:\/\/neanoticias.com\/index.php\/wp-json\/wp\/v2\/tags?post=1302"}],"curies":[{"name":"wp","href":"https:\/\/api.w.org\/{rel}","templated":true}]}}