{"id":13,"date":"2022-08-22T23:03:20","date_gmt":"2022-08-22T23:03:20","guid":{"rendered":"https:\/\/neanoticias.com\/?p=13"},"modified":"2022-08-22T23:06:02","modified_gmt":"2022-08-22T23:06:02","slug":"obra-publica-la-fiscalia-pidio-12-anos-de-prision-para-cristina-kirchner-y-la-inhabilitacion-perpetua-para-ejercer-cargos","status":"publish","type":"post","link":"https:\/\/neanoticias.com\/index.php\/2022\/08\/22\/obra-publica-la-fiscalia-pidio-12-anos-de-prision-para-cristina-kirchner-y-la-inhabilitacion-perpetua-para-ejercer-cargos\/","title":{"rendered":"Obra p\u00fablica: la fiscal\u00eda pidi\u00f3 12 a\u00f1os de prisi\u00f3n para Cristina Kirchner y la inhabilitaci\u00f3n perpetua para ejercer cargos"},"content":{"rendered":"\n<p>Lo hizo el fiscal Diego Luciani al finalizar sus alegatos en el juicio oral. &#8220;Ostentaba el cargo m\u00e1ximo del estado nacional y emple\u00f3 su poder sobre el resto de los imputados para alcanzar la finalidad de lucro tan anhelada&#8221;, sostuvo<\/p>\n\n\n\n<figure class=\"wp-block-image size-large\"><img loading=\"lazy\" width=\"1024\" height=\"576\" src=\"https:\/\/neanoticias.com\/wp-content\/uploads\/2022\/08\/image-1024x576.png\" alt=\"\" class=\"wp-image-15\" srcset=\"https:\/\/neanoticias.com\/wp-content\/uploads\/2022\/08\/image-1024x576.png 1024w, https:\/\/neanoticias.com\/wp-content\/uploads\/2022\/08\/image-300x169.png 300w, https:\/\/neanoticias.com\/wp-content\/uploads\/2022\/08\/image-768x432.png 768w, https:\/\/neanoticias.com\/wp-content\/uploads\/2022\/08\/image.png 1200w\" sizes=\"(max-width: 1024px) 100vw, 1024px\" \/><\/figure>\n\n\n\n<p>El fiscal federal Diego Luciani pidi\u00f3 hoy que la vicepresidenta de la Naci\u00f3n Cristina Kirchner sea condenada a 12 a\u00f1os de prisi\u00f3n y a la inhabilitaci\u00f3n perpetua para ejercer cargos p\u00fablicos. La acus\u00f3 de ser jefa de una asociaci\u00f3n il\u00edcita y de administraci\u00f3n fraudulenta en perjuicio de la administraci\u00f3n p\u00fablica al finalizar sus alegatos en el juicio oral por las obras p\u00fablicas que recibi\u00f3 el empresario L\u00e1zaro B\u00e1ez.<\/p>\n\n\n\n<p>&#8220;Hoy m\u00e1s que nunca la sociedad reclama justicia y ustedes, se\u00f1ores jueces, son los encargados de dar a cada uno lo que corresponde -dijo-. Una sentencia ejemplar puede ser el primer paso para restaurar la confianza de la sociedad en las instituciones&#8221;. Y a\u00f1adi\u00f3: &#8220;nuestro \u00fanico objetivo fue buscar la verdad&#8221;. &#8220;Se\u00f1ores jueces, este es el momento. Es corrupci\u00f3n o justicia. Y ustedes tienen la decisi\u00f3n&#8221;.<\/p>\n\n\n\n<p>El fiscal tuvo en cuenta una serie de agravantes para pedir la condena a Cristina Kirchner: CFK: la magnitud de los delitos cometidos, que su aporte fue principal, su poder de direcci\u00f3n para el resto de los acusados, los medios empleados, la extensi\u00f3n en el tiempo de da\u00f1os. Tambi\u00e9n la calidad de los motivos de la maniobra (&#8220;el lucro personal buscado&#8221;) y el &#8220;apartamiento de cualquier tipo de escr\u00fapulos&#8221;.<\/p>\n\n\n\n<p>Luciani tambi\u00e9n ponder\u00f3 &#8220;el desprecio a la ciudadan\u00eda en general por dilapidar fondos p\u00fablicos, a los ciudadanos de Santa Cruz en particular que no tuvieron las rutas construidas y a los empleados de las empresas que se quedaron sin trabajo&#8221;. El fiscal dijo que la ex presidenta &#8220;defraud\u00f3 a los ciudadanos que la votaron&#8221;.<\/p>\n\n\n\n<p>&#8220;No tuvo arrepentimiento y ostentaba el cargo m\u00e1ximo del estado nacional y emple\u00f3 su poder sobre el resto de los imputados para alcanzar la finalidad de lucro tan anhelada&#8221;, concluy\u00f3 el fiscal. En los juicios hay situaciones que aten\u00faan la pena para los acusados. &#8220;No encuentro ni un solo atenuante para Cristina Kirchner ante los cr\u00edmenes cometidos&#8221;, sostuvo el fiscal.<\/p>\n\n\n\n<p>En la audiencia de hoy el fiscal Sergio Mola expuso que la defraudaci\u00f3n al estado nacional en las obras que recibi\u00f3 B\u00e1ez fue de 5.321 millones de pesos. Y el fiscal Luciani pidi\u00f3 el decomiso sobre los bienes de los acusados por ese monto prorrateado entre los acusados. Tambi\u00e9n solicit\u00f3 el decomiso de las empresas de B\u00e1ez y de 12 estancias compradas por \u00e9l y por sus hijos. &#8220;Deviene de suma importante que de dictarse el decomiso de los bienes el destino sea instituciones de bien p\u00fablico para equilibrar el perjuicio de los graves delitos&#8221;, plante\u00f3 Luciani.<\/p>\n\n\n\n<p>Luego de la descripci\u00f3n de los hechos, Luciani pidi\u00f3 investigar a las empresas que se presentaban para licitar por entender que habr\u00edan sido espurias para simular la existencia de competencia con las firmas de L\u00e1zaro B\u00e1ez. Ah\u00ed nombr\u00f3 a las empresas Petersen Esuco y Equimac. El fiscal tambi\u00e9n solicit\u00f3 extraer testimonios para investigar &#8220;la posibilidad de ilicitudes con el proceso licitatorio al hospital materno infantil de R\u00edo Gallegos&#8221; y &#8220;de todos los posibles il\u00edcitos que surgen del tel\u00e9fono de Jos\u00e9 L\u00f3pez&#8221;.<\/p>\n\n\n\n<p>Como conclusiones finales, la fiscal\u00eda le apunt\u00f3 al presidente Alberto Fern\u00e1ndez y habl\u00f3 de la &#8220;injerencia indebida&#8221; en el curso del juicio. Fue cuando record\u00f3 que sus palabras en torno a que &#8220;la cartelizaci\u00f3n de la obra p\u00fablica es un problema hist\u00f3rico de la Argentina&#8221;. &#8220;El Estado es v\u00edctima de estos delitos, pero no hay que confundir el estado con las personas que ocasionalmente conducen o administran&#8221; y la ciudadan\u00eda es v\u00edctima.{<\/p>\n\n\n\n<p>El fiscal se refiri\u00f3 a las palabras de Alberto Fern\u00e1ndez cuando hab\u00edan detenido al a Jos\u00e9 L\u00f3pez en 2016. &#8220;Le quisiera recordar que dijo p\u00fablicamente que renunci\u00f3 como jefe de Gabinete por la corrupci\u00f3n en la obra p\u00fablica&#8221;, se\u00f1al\u00f3. Pero subray\u00f3 que ahora el jefe de Estado busc\u00f3 correr el foco de esas declaraciones . &#8220;Para defender puerilmente a su compa\u00f1era de formula evit\u00f3 hablar de los hechos probados en el caso&#8221;, asegur\u00f3.<\/p>\n\n\n\n<p>La fiscal\u00eda se quej\u00f3 porque &#8220;dirigentes pol\u00edticos se desentendieron de la corrupci\u00f3n&#8221;. &#8220;La corrupci\u00f3n dejo de ser un tema de agenda pol\u00edtica, se opto por eludirla y se evito hablar de las consecuencias&#8221;, afirm\u00f3. Fue as\u00ed que record\u00f3 que la Oficina Anticorrupci\u00f3n, durante este gobierno, dej\u00f3 de ser querellante en diferentes causas o la Unidad de Informaci\u00f3n Financiera, en esta causa, resolvi\u00f3 no acusar. &#8220;Esto demuestra un intento para silenciar la imperiosa necesidad de juzgar estos hechos y de que la verdad salga a la luz&#8221;, afirm\u00f3.<\/p>\n\n\n\n<p>Seg\u00fan sus palabras, &#8220;algunos altos funcionarios del Gobierno actual se han atrevido a descalificar las investigaciones de graves hechos de corrupci\u00f3n como el \u00fanico fin de menoscabar al poder judicial&#8221;, dijo Luciani, tras subrayar que &#8220;el poder de las mayor\u00edas no es absoluto&#8221;<\/p>\n\n\n\n<p>&#8220;La misma imputada Cristina Fern\u00e1ndez Kirchner desafi\u00f3 a este tribunal al aseverar \u2018a m\u00ed me absolvi\u00f3 la historia\u2019 cuando bien sabe que es el Poder Judicial&#8221; el que condena o absuelve ante eventuales delitos y en cumplimiento de garant\u00edas constitucionales, subray\u00f3. &#8220;Los gobernantes deben rendir cuentas de sus funciones&#8221;, afirm\u00f3.<\/p>\n\n\n\n<p>Y cerr\u00f3 su alegato hablando de la violaci\u00f3n a los derechos humanos cuando se cometen cr\u00edmenes de corrupci\u00f3n. &#8220;La corrupci\u00f3n afecta el Estado de Derecho&#8221;. &#8220;Los fondos extra\u00eddos ilegalmente hubieran servido para paliar la pobreza&#8221;, resalt\u00f3. &#8220;De haberse procedido de manera eficiente, las rutas hoy estar\u00edan terminadas&#8221;, agreg\u00f3.<\/p>\n\n\n\n<p>Las acusaciones<\/p>\n\n\n\n<p>A la hora de pedir las penas, Luciani acus\u00f3 a Cristina Kirchner, el ex ministro de Planificaci\u00f3n Federal Julio De Vido, al ex secretario de Obras P\u00fablicas Jos\u00e9 L\u00f3pez, a L\u00e1zaro B\u00e1ez y al ex titular de la direcci\u00f3n Nacional de Vialidad Nelson Periotti como organizadores de la asociaci\u00f3n il\u00edcita y autores de fraude a la administraci\u00f3n p\u00fablica y solicit\u00f3 para ellos una de penas de entre doce y diez a\u00f1os de prisi\u00f3n y la inhabilitaci\u00f3n perpetua para ejercer cargos p\u00fablicos.<\/p>\n\n\n\n<p>&#8220;El orden p\u00fablico ha sido trastocado por una asociaci\u00f3n il\u00edcita dirigida por la presidenta de la naci\u00f3n como jefa y por sus principales ministros como organizadores&#8221;, dijo Luciani sobre la asociaci\u00f3n il\u00edcita.<\/p>\n\n\n\n<p>Para Carlos Kirchner, primo del ex presidente N\u00e9stor Kirchner y ex titular de la Subsecretar\u00eda de Coordinaci\u00f3n de Obra P\u00fablica Federal, la fiscal\u00eda pidi\u00f3 dos a\u00f1os a\u00f1os de prisi\u00f3n por abuso de autoridad. Kirchner lleg\u00f3 acuso de integrar la asociaci\u00f3n il\u00edcita pero los fiscales se\u00f1alaron que no prob\u00f3 su participaci\u00f3n.<\/p>\n\n\n\n<p>Al resto de los imputados los acus\u00f3 del delito de fraude en perjuicio de la administraci\u00f3n p\u00fablica. Son Abel Fatala, ex subsecretario de Obras P\u00fablicas; Ra\u00fal Daruich y Mauricio Collareda, ex jefes del distrito Santa Cruz de la Direcci\u00f3n Nacional de Vialidad; y H\u00e9ctor Garro, Juan Carlos Villafa\u00f1e, Ra\u00fal Pavesi y Jos\u00e9 Santiba\u00f1ez, todos ex presidentes de la Administraci\u00f3n General de Vialidad de Santa Cruz. Para ellos la Fiscal\u00eda solicit\u00f3 penas de entre seis y cuatro a\u00f1os a\u00f1os de prisi\u00f3n.<\/p>\n\n\n\n<p>Seg\u00fan se hab\u00eda resuelto, el juicio iba a continuar el pr\u00f3ximo 5 de septiembre cuando se inicien los alegatos de las defensas. Sobre el final de la audiencia, el defensor Carlos Beraldi, defensor de Cristina Kirchner, formaliz\u00f3 el pedido de ampliar ma\u00f1ana su declaraci\u00f3n indagatoria.<\/p>\n\n\n\n<p>Aqu\u00ed el resumen de los pedidos de penas:<\/p>\n\n\n\n<p>Cristina Kirchner, ex presidenta. 12 a\u00f1os.<\/p>\n\n\n\n<p>L\u00e1zaro B\u00e1ez, empresario. 12 a\u00f1os.<\/p>\n\n\n\n<p>Julio De Vido, ex ministro de Planificaci\u00f3n. 10 a\u00f1os<\/p>\n\n\n\n<p>Jos\u00e9 L\u00f3pez, ex secretario de Obras P\u00fablicas. 10 a\u00f1os.<\/p>\n\n\n\n<p>Nelson Periotti, ex titular Direcci\u00f3n Nacional de Vialidad (DNV). 10 a\u00f1os.<\/p>\n\n\n\n<p>Mauricio Collareda, jefe de Distrito N\u00b023 &#8220;Santa Cruz&#8221; de la DNV. 6 a\u00f1os.<\/p>\n\n\n\n<p>Juan Carlos Villafa\u00f1e, ex jefe de la AGVP. 6 a\u00f1os.<\/p>\n\n\n\n<p>Ra\u00fal Daruich, responsables del Distrito N\u00b023 &#8220;Santa Cruz&#8221; de la DNV. 5 a\u00f1os.<\/p>\n\n\n\n<p>Ra\u00fal Pavesi, ex titular de la AGVP. 5 a\u00f1os.<\/p>\n\n\n\n<p>Abel Fatala, subsecretario de Obras P\u00fablicas. 4 a\u00f1os de prisi\u00f3n.<\/p>\n\n\n\n<p>Jos\u00e9 Ra\u00fal Santib\u00e1\u00f1ez, ex presidente del directorio de AGVP 13. 4 a\u00f1os.<\/p>\n\n\n\n<p>H\u00e9ctor Garro, ex presidente de la AGVP. 3 a\u00f1os de prisi\u00f3n en suspenso.<\/p>\n\n\n\n<p>Carlos Santiago Kirchner, exsubsecretario de Coordinaci\u00f3n de Obra P\u00fablica Federal y primo del expresidente N\u00e9stor Kirchner. Absoluci\u00f3n por asociaci\u00f3n il\u00edcita y 2 a\u00f1os por administraci\u00f3n fraudulenta.<\/p>\n\n\n\n<p><strong>Fuente: Infobae<\/strong><\/p>\n","protected":false},"excerpt":{"rendered":"<p>Lo hizo el fiscal Diego Luciani al finalizar sus alegatos en el juicio oral. &#8220;Ostentaba el cargo m\u00e1ximo del estado nacional y emple\u00f3 su poder sobre el resto de los imputados para alcanzar la finalidad de lucro tan anhelada&#8221;, sostuvo<\/p>\n","protected":false},"author":1,"featured_media":15,"comment_status":"open","ping_status":"open","sticky":false,"template":"","format":"standard","meta":[],"categories":[4],"tags":[8,9],"_links":{"self":[{"href":"https:\/\/neanoticias.com\/index.php\/wp-json\/wp\/v2\/posts\/13"}],"collection":[{"href":"https:\/\/neanoticias.com\/index.php\/wp-json\/wp\/v2\/posts"}],"about":[{"href":"https:\/\/neanoticias.com\/index.php\/wp-json\/wp\/v2\/types\/post"}],"author":[{"embeddable":true,"href":"https:\/\/neanoticias.com\/index.php\/wp-json\/wp\/v2\/users\/1"}],"replies":[{"embeddable":true,"href":"https:\/\/neanoticias.com\/index.php\/wp-json\/wp\/v2\/comments?post=13"}],"version-history":[{"count":2,"href":"https:\/\/neanoticias.com\/index.php\/wp-json\/wp\/v2\/posts\/13\/revisions"}],"predecessor-version":[{"id":21,"href":"https:\/\/neanoticias.com\/index.php\/wp-json\/wp\/v2\/posts\/13\/revisions\/21"}],"wp:featuredmedia":[{"embeddable":true,"href":"https:\/\/neanoticias.com\/index.php\/wp-json\/wp\/v2\/media\/15"}],"wp:attachment":[{"href":"https:\/\/neanoticias.com\/index.php\/wp-json\/wp\/v2\/media?parent=13"}],"wp:term":[{"taxonomy":"category","embeddable":true,"href":"https:\/\/neanoticias.com\/index.php\/wp-json\/wp\/v2\/categories?post=13"},{"taxonomy":"post_tag","embeddable":true,"href":"https:\/\/neanoticias.com\/index.php\/wp-json\/wp\/v2\/tags?post=13"}],"curies":[{"name":"wp","href":"https:\/\/api.w.org\/{rel}","templated":true}]}}