{"id":1295,"date":"2024-02-26T13:13:35","date_gmt":"2024-02-26T13:13:35","guid":{"rendered":"https:\/\/neanoticias.com\/?p=1295"},"modified":"2024-02-26T13:13:36","modified_gmt":"2024-02-26T13:13:36","slug":"este-martes-20-comienza-el-pago-de-plus-a-municipales","status":"publish","type":"post","link":"https:\/\/neanoticias.com\/index.php\/2024\/02\/26\/este-martes-20-comienza-el-pago-de-plus-a-municipales\/","title":{"rendered":"ESTE MARTES 20 COMIENZA EL PAGO DE PLUS A MUNICIPALES"},"content":{"rendered":"\n<p><em>El cronograma de este plus especial de febrero se extender\u00e1 hasta el jueves, seg\u00fan anunci\u00f3 el intendente Eduardo Tassano a trav\u00e9s de sus redes sociales.<\/em><\/p>\n\n\n\n<figure class=\"wp-block-image size-large\"><img loading=\"lazy\" width=\"1024\" height=\"871\" src=\"https:\/\/neanoticias.com\/wp-content\/uploads\/2024\/02\/008dc5d7-e605-8888-e8ef-bf11abe908c0-1024x871.jpg\" alt=\"\" class=\"wp-image-1296\" srcset=\"https:\/\/neanoticias.com\/wp-content\/uploads\/2024\/02\/008dc5d7-e605-8888-e8ef-bf11abe908c0-1024x871.jpg 1024w, https:\/\/neanoticias.com\/wp-content\/uploads\/2024\/02\/008dc5d7-e605-8888-e8ef-bf11abe908c0-300x255.jpg 300w, https:\/\/neanoticias.com\/wp-content\/uploads\/2024\/02\/008dc5d7-e605-8888-e8ef-bf11abe908c0-768x653.jpg 768w, https:\/\/neanoticias.com\/wp-content\/uploads\/2024\/02\/008dc5d7-e605-8888-e8ef-bf11abe908c0.jpg 1140w\" sizes=\"(max-width: 1024px) 100vw, 1024px\" \/><\/figure>\n\n\n\n<p>Los trabajadores de planta, contrato y los agentes Neike bancarizados tendr\u00e1n depositado el pago del plus en sus respectivas cuentas bancarias el martes 20, dinero al que podr\u00e1n acceder a trav\u00e9s de los cajeros autom\u00e1ticos habilitados.<br>Por su parte, aquellos trabajadores Neike que no est\u00e1n bancarizados deber\u00e1n dirigirse a la Caja Municipal de Pr\u00e9stamos (CMP), en su sede central, ubicada en Brasil 1269. Los pagos se realizan de lunes a viernes, de 7:30 a 12:30 y de 16 a 20:30.<br>En este caso, el martes 20 les corresponder\u00e1 cobrar a los trabajadores cuyos DNI terminen en 0, 1 y 2; el mi\u00e9rcoles 21, a los agentes con DNI finalizados en 3, 4, 5 y 6; y el jueves 22, a los que tengan documentos que finalicen en 7, 8 y 9.<\/p>\n","protected":false},"excerpt":{"rendered":"<p>El cronograma de este plus especial de febrero se extender\u00e1 hasta el jueves, seg\u00fan anunci\u00f3&#8230;<\/p>\n","protected":false},"author":1,"featured_media":1296,"comment_status":"open","ping_status":"open","sticky":false,"template":"","format":"standard","meta":[],"categories":[1],"tags":[],"_links":{"self":[{"href":"https:\/\/neanoticias.com\/index.php\/wp-json\/wp\/v2\/posts\/1295"}],"collection":[{"href":"https:\/\/neanoticias.com\/index.php\/wp-json\/wp\/v2\/posts"}],"about":[{"href":"https:\/\/neanoticias.com\/index.php\/wp-json\/wp\/v2\/types\/post"}],"author":[{"embeddable":true,"href":"https:\/\/neanoticias.com\/index.php\/wp-json\/wp\/v2\/users\/1"}],"replies":[{"embeddable":true,"href":"https:\/\/neanoticias.com\/index.php\/wp-json\/wp\/v2\/comments?post=1295"}],"version-history":[{"count":1,"href":"https:\/\/neanoticias.com\/index.php\/wp-json\/wp\/v2\/posts\/1295\/revisions"}],"predecessor-version":[{"id":1297,"href":"https:\/\/neanoticias.com\/index.php\/wp-json\/wp\/v2\/posts\/1295\/revisions\/1297"}],"wp:featuredmedia":[{"embeddable":true,"href":"https:\/\/neanoticias.com\/index.php\/wp-json\/wp\/v2\/media\/1296"}],"wp:attachment":[{"href":"https:\/\/neanoticias.com\/index.php\/wp-json\/wp\/v2\/media?parent=1295"}],"wp:term":[{"taxonomy":"category","embeddable":true,"href":"https:\/\/neanoticias.com\/index.php\/wp-json\/wp\/v2\/categories?post=1295"},{"taxonomy":"post_tag","embeddable":true,"href":"https:\/\/neanoticias.com\/index.php\/wp-json\/wp\/v2\/tags?post=1295"}],"curies":[{"name":"wp","href":"https:\/\/api.w.org\/{rel}","templated":true}]}}