{"id":129,"date":"2022-09-02T14:03:19","date_gmt":"2022-09-02T14:03:19","guid":{"rendered":"https:\/\/neanoticias.com\/?p=129"},"modified":"2022-09-02T14:03:21","modified_gmt":"2022-09-02T14:03:21","slug":"detuvieron-a-un-hombre-que-ataco-a-cristina-con-un-arma","status":"publish","type":"post","link":"https:\/\/neanoticias.com\/index.php\/2022\/09\/02\/detuvieron-a-un-hombre-que-ataco-a-cristina-con-un-arma\/","title":{"rendered":"DETUVIERON A UN HOMBRE QUE ATAC\u00d3 A CRISTINA CON UN ARMA"},"content":{"rendered":"\n<p>Un individuo intent\u00f3 gatillar un arma, que no lleg\u00f3 a disparar, a cent\u00edmetros de la cabeza de la Vicepresidenta. Fue detenido tras una intervenci\u00f3n de los custodios.\u00a0<\/p>\n\n\n\n<p><\/p>\n\n\n\n<figure class=\"wp-block-image size-full\"><img loading=\"lazy\" width=\"770\" height=\"440\" src=\"https:\/\/neanoticias.com\/wp-content\/uploads\/2022\/09\/1662082584514.webp\" alt=\"\" class=\"wp-image-130\" srcset=\"https:\/\/neanoticias.com\/wp-content\/uploads\/2022\/09\/1662082584514.webp 770w, https:\/\/neanoticias.com\/wp-content\/uploads\/2022\/09\/1662082584514-300x171.webp 300w, https:\/\/neanoticias.com\/wp-content\/uploads\/2022\/09\/1662082584514-768x439.webp 768w\" sizes=\"(max-width: 770px) 100vw, 770px\" \/><\/figure>\n\n\n\n<p>Un individuo que intent\u00f3 gatillar un arma, que no lleg\u00f3 a disparar, a cent\u00edmetros de la cabeza de la vicepresidenta Cristina Fernandez de Kirchner fue detenido tras una intervenci\u00f3n de los custodios y se analiza la pistola utilizada, que fue hallada a metros de lugar.<\/p>\n\n\n\n<p>El intento de ataque qued\u00f3 registrado en las im\u00e1genes tomadas por la Televisi\u00f3n P\u00fablica en las inmediaciones del domicilio de la exmandataria, mientras que el agresor fue detenido por la Polic\u00eda Federal.<\/p>\n\n\n\n<figure class=\"wp-block-embed is-type-video is-provider-youtube wp-block-embed-youtube wp-embed-aspect-16-9 wp-has-aspect-ratio\"><div class=\"wp-block-embed__wrapper\">\n<iframe loading=\"lazy\" title=\"INTENTO de ATAQUE contra CRISTINA KIRCHNER\" width=\"640\" height=\"360\" src=\"https:\/\/www.youtube.com\/embed\/Y5HvzUO8gwE?feature=oembed\" frameborder=\"0\" allow=\"accelerometer; autoplay; clipboard-write; encrypted-media; gyroscope; picture-in-picture\" allowfullscreen><\/iframe>\n<\/div><\/figure>\n","protected":false},"excerpt":{"rendered":"<p>Un individuo intent\u00f3 gatillar un arma, que no lleg\u00f3 a disparar, a cent\u00edmetros de la&#8230;<\/p>\n","protected":false},"author":1,"featured_media":0,"comment_status":"open","ping_status":"open","sticky":false,"template":"","format":"standard","meta":[],"categories":[1],"tags":[],"_links":{"self":[{"href":"https:\/\/neanoticias.com\/index.php\/wp-json\/wp\/v2\/posts\/129"}],"collection":[{"href":"https:\/\/neanoticias.com\/index.php\/wp-json\/wp\/v2\/posts"}],"about":[{"href":"https:\/\/neanoticias.com\/index.php\/wp-json\/wp\/v2\/types\/post"}],"author":[{"embeddable":true,"href":"https:\/\/neanoticias.com\/index.php\/wp-json\/wp\/v2\/users\/1"}],"replies":[{"embeddable":true,"href":"https:\/\/neanoticias.com\/index.php\/wp-json\/wp\/v2\/comments?post=129"}],"version-history":[{"count":1,"href":"https:\/\/neanoticias.com\/index.php\/wp-json\/wp\/v2\/posts\/129\/revisions"}],"predecessor-version":[{"id":131,"href":"https:\/\/neanoticias.com\/index.php\/wp-json\/wp\/v2\/posts\/129\/revisions\/131"}],"wp:attachment":[{"href":"https:\/\/neanoticias.com\/index.php\/wp-json\/wp\/v2\/media?parent=129"}],"wp:term":[{"taxonomy":"category","embeddable":true,"href":"https:\/\/neanoticias.com\/index.php\/wp-json\/wp\/v2\/categories?post=129"},{"taxonomy":"post_tag","embeddable":true,"href":"https:\/\/neanoticias.com\/index.php\/wp-json\/wp\/v2\/tags?post=129"}],"curies":[{"name":"wp","href":"https:\/\/api.w.org\/{rel}","templated":true}]}}