{"id":1263,"date":"2024-01-31T13:44:30","date_gmt":"2024-01-31T13:44:30","guid":{"rendered":"https:\/\/neanoticias.com\/?p=1263"},"modified":"2024-01-31T13:44:31","modified_gmt":"2024-01-31T13:44:31","slug":"la-policia-recupero-una-moto-denunciada-como-robada-en-capital-y-demoro-a-dos-personas","status":"publish","type":"post","link":"https:\/\/neanoticias.com\/index.php\/2024\/01\/31\/la-policia-recupero-una-moto-denunciada-como-robada-en-capital-y-demoro-a-dos-personas\/","title":{"rendered":"LA POLIC\u00cdA RECUPER\u00d3 UNA MOTO DENUNCIADA COMO ROBADA EN CAPITAL Y DEMOR\u00d3 A DOS PERSONAS"},"content":{"rendered":"\n<p>La Polic\u00eda de Corrientes detuvo a dos personas que circulaban en una motocicleta que estaba denunciada como robada en el distrito de la capital.<\/p>\n\n\n\n<figure class=\"wp-block-image size-full\"><img loading=\"lazy\" width=\"762\" height=\"618\" src=\"https:\/\/neanoticias.com\/wp-content\/uploads\/2024\/01\/1344886w762h618c.jpg.webp\" alt=\"\" class=\"wp-image-1264\" srcset=\"https:\/\/neanoticias.com\/wp-content\/uploads\/2024\/01\/1344886w762h618c.jpg.webp 762w, https:\/\/neanoticias.com\/wp-content\/uploads\/2024\/01\/1344886w762h618c.jpg-300x243.webp 300w\" sizes=\"(max-width: 762px) 100vw, 762px\" \/><\/figure>\n\n\n\n<p>El accionar se realiz\u00f3 minutos despu\u00e9s de la medianoche durante un operativo de control vehicular en el que intervinieron efectivos de la Comisar\u00eda de Santa Ana dependiente de la Unidad Regional Primera de San Luis del Palmar.<\/p>\n\n\n\n<p>Los individuos no pudieron exhibir los documentos requeridos por los agentes y el conductor no pudo acreditar fehacientemente la propiedad del rodado, de manera que se procedi\u00f3 al secuestro preventivo de la motocicleta. Al consultar con la base de datos de la Polic\u00eda, result\u00f3 con pedido de secuestro por una causa por supuesto robo y cuya denuncia fue realizada en la Comisar\u00eda Cuarta de la ciudad de Corrientes.<\/p>\n\n\n\n<p>Por esta situaci\u00f3n, los dos j\u00f3venes, quienes ser\u00edan mayores de edad, e iban a bordo, fueron detenidos y, juntamente con el rodado secuestrado, fueron puestos a disposici\u00f3n de la autoridad fiscal en turno.<\/p>\n\n\n\n<p>Fueron trasladados y alojados en la citada comisar\u00eda jurisdiccional donde se llevan a cabo las diligencias y tr\u00e1mites respectivos.<\/p>\n","protected":false},"excerpt":{"rendered":"<p>La Polic\u00eda de Corrientes detuvo a dos personas que circulaban en una motocicleta que estaba&#8230;<\/p>\n","protected":false},"author":1,"featured_media":1264,"comment_status":"open","ping_status":"open","sticky":false,"template":"","format":"standard","meta":[],"categories":[1],"tags":[],"_links":{"self":[{"href":"https:\/\/neanoticias.com\/index.php\/wp-json\/wp\/v2\/posts\/1263"}],"collection":[{"href":"https:\/\/neanoticias.com\/index.php\/wp-json\/wp\/v2\/posts"}],"about":[{"href":"https:\/\/neanoticias.com\/index.php\/wp-json\/wp\/v2\/types\/post"}],"author":[{"embeddable":true,"href":"https:\/\/neanoticias.com\/index.php\/wp-json\/wp\/v2\/users\/1"}],"replies":[{"embeddable":true,"href":"https:\/\/neanoticias.com\/index.php\/wp-json\/wp\/v2\/comments?post=1263"}],"version-history":[{"count":1,"href":"https:\/\/neanoticias.com\/index.php\/wp-json\/wp\/v2\/posts\/1263\/revisions"}],"predecessor-version":[{"id":1265,"href":"https:\/\/neanoticias.com\/index.php\/wp-json\/wp\/v2\/posts\/1263\/revisions\/1265"}],"wp:featuredmedia":[{"embeddable":true,"href":"https:\/\/neanoticias.com\/index.php\/wp-json\/wp\/v2\/media\/1264"}],"wp:attachment":[{"href":"https:\/\/neanoticias.com\/index.php\/wp-json\/wp\/v2\/media?parent=1263"}],"wp:term":[{"taxonomy":"category","embeddable":true,"href":"https:\/\/neanoticias.com\/index.php\/wp-json\/wp\/v2\/categories?post=1263"},{"taxonomy":"post_tag","embeddable":true,"href":"https:\/\/neanoticias.com\/index.php\/wp-json\/wp\/v2\/tags?post=1263"}],"curies":[{"name":"wp","href":"https:\/\/api.w.org\/{rel}","templated":true}]}}