{"id":1260,"date":"2024-01-31T13:43:10","date_gmt":"2024-01-31T13:43:10","guid":{"rendered":"https:\/\/neanoticias.com\/?p=1260"},"modified":"2024-01-31T13:43:11","modified_gmt":"2024-01-31T13:43:11","slug":"chubut-el-fuego-ya-consumio-mas-de-2-000-hectareas-y-el-gobernador-acuso-a-la-ram","status":"publish","type":"post","link":"https:\/\/neanoticias.com\/index.php\/2024\/01\/31\/chubut-el-fuego-ya-consumio-mas-de-2-000-hectareas-y-el-gobernador-acuso-a-la-ram\/","title":{"rendered":"CHUBUT: EL FUEGO YA CONSUMI\u00d3 M\u00c1S DE 2.000 HECT\u00c1REAS Y EL GOBERNADOR ACUS\u00d3 A LA RAM"},"content":{"rendered":"\n<p>Ignaci\u00f3 Torres apunt\u00f3 en directamente contra Cruz C\u00e1rdenas, un ex brigadista, ahora vinculado a esa organizaci\u00f3n mapuche.<\/p>\n\n\n\n<figure class=\"wp-block-image size-full\"><img loading=\"lazy\" width=\"850\" height=\"419\" src=\"https:\/\/neanoticias.com\/wp-content\/uploads\/2024\/01\/1344913w850h419c.jpg.webp\" alt=\"\" class=\"wp-image-1261\" srcset=\"https:\/\/neanoticias.com\/wp-content\/uploads\/2024\/01\/1344913w850h419c.jpg.webp 850w, https:\/\/neanoticias.com\/wp-content\/uploads\/2024\/01\/1344913w850h419c.jpg-300x148.webp 300w, https:\/\/neanoticias.com\/wp-content\/uploads\/2024\/01\/1344913w850h419c.jpg-768x379.webp 768w\" sizes=\"(max-width: 850px) 100vw, 850px\" \/><\/figure>\n\n\n\n<p>En apenas cinco d\u00edas el fuego sin control en el Parque Nacional Los Alerces ya consumi\u00f3 m\u00e1s de 2.000 hect\u00e1reas, mientras que el gobierno de Chubut confirm\u00f3 que se trat\u00f3 de un hecho intencional y hasta acus\u00f3 a un integrante de la Resistencia Ancestral Mapuche (RAM).<\/p>\n\n\n\n<p>De hecho, el gobernador chubutense, Ignacio Torres, apunt\u00f3 directamente contra Cruz C\u00e1rdenas, un ex empleado de la Direcci\u00f3n de Parques Nacionales, aunque desde hace un tiempo se sum\u00f3 a las filas de esa organizaci\u00f3n, que promueve la insurrecci\u00f3n contra el Estado y adem\u00e1s impulsa conflictos territoriales en la Patagonia.<\/p>\n\n\n\n<p>&#8220;En este caso hay un delito que ya est\u00e1 ratificado, imputado e incluso procesado, que tiene que ver con una toma en el Parque &nbsp;Los Alerces de un ex brigadista que ahora se autopercibe de&nbsp;<br>pueblos originarios, pero no est\u00e1 reconocido&#8221;, asever\u00f3 Torres en declaraciones a Radio Rivadavia.<\/p>\n\n\n\n<p>Asimismo, sostuvo que &#8220;esta gente tiene que estar presa y la justicia tiene que actuar con la mayor celeridad posible&#8221;, y anticip\u00f3 que desde la provincia se constituir\u00e1n como querellantes&nbsp;<br>en la causa.<\/p>\n\n\n\n<p>&#8220;El d\u00eda uno, despu\u00e9s de esto, vamos a ir hasta el final en la justicia para que haya una medida ejemplificadora&#8221;, a\u00f1adi\u00f3 el mandatario provincial.<\/p>\n\n\n\n<p>Torres insisti\u00f3 en que se trata de incendio intencional, bas\u00e1ndose en determinadas caracter\u00edsticas, como la presencia de dos focos en paralelo, la dificultad de acceso y la rapidez con la que el fuego se propag\u00f3.&nbsp;<\/p>\n\n\n\n<p>En tanto, el intendente del Parque Los Alerces, Danilo Hern\u00e1ndez Ota\u00f1o, remarc\u00f3 en declaraciones a la prensa local que &#8220;el incendio ya tiene extensi\u00f3n superior a las 2.000 hect\u00e1reas&#8221;, de las cuales, un 70 por ciento pertenecen a esa reserva.<\/p>\n\n\n\n<p>Por su parte, los brigadistas contin\u00faan trabajando denodadamente para contener el fuego, que comenz\u00f3 el jueves pasado por la noche en la zona de bah\u00eda Rosales, en el lago Futalaufquen.<\/p>\n\n\n\n<p>Asimismo, personal del Servicio Provincial de Manejo del Fuego de Chubut y del Servicio Nacional de Manejo de Fuego (SNMF), adem\u00e1s de bomberos voluntarios de Esquel y de Trevelin est\u00e1n afectados al operativo.<\/p>\n\n\n\n<p>Sin embargo, las condiciones clim\u00e1ticas, como el calor, la sequedad del terreno y el viento, complicaron las tareas, y hasta amenzan con extenderse a otros sectores de la Patagonia.<\/p>\n\n\n\n<p>Para combatir las llamas, y dada la extensi\u00f3n del \u00e1rea afectada, las autoridades decidieron dividirla en seis sectores, implementando estrategias espec\u00edficas para cada uno de ellas.<\/p>\n","protected":false},"excerpt":{"rendered":"<p>Ignaci\u00f3 Torres apunt\u00f3 en directamente contra Cruz C\u00e1rdenas, un ex brigadista, ahora vinculado a esa&#8230;<\/p>\n","protected":false},"author":1,"featured_media":1261,"comment_status":"open","ping_status":"open","sticky":false,"template":"","format":"standard","meta":[],"categories":[1],"tags":[],"_links":{"self":[{"href":"https:\/\/neanoticias.com\/index.php\/wp-json\/wp\/v2\/posts\/1260"}],"collection":[{"href":"https:\/\/neanoticias.com\/index.php\/wp-json\/wp\/v2\/posts"}],"about":[{"href":"https:\/\/neanoticias.com\/index.php\/wp-json\/wp\/v2\/types\/post"}],"author":[{"embeddable":true,"href":"https:\/\/neanoticias.com\/index.php\/wp-json\/wp\/v2\/users\/1"}],"replies":[{"embeddable":true,"href":"https:\/\/neanoticias.com\/index.php\/wp-json\/wp\/v2\/comments?post=1260"}],"version-history":[{"count":1,"href":"https:\/\/neanoticias.com\/index.php\/wp-json\/wp\/v2\/posts\/1260\/revisions"}],"predecessor-version":[{"id":1262,"href":"https:\/\/neanoticias.com\/index.php\/wp-json\/wp\/v2\/posts\/1260\/revisions\/1262"}],"wp:featuredmedia":[{"embeddable":true,"href":"https:\/\/neanoticias.com\/index.php\/wp-json\/wp\/v2\/media\/1261"}],"wp:attachment":[{"href":"https:\/\/neanoticias.com\/index.php\/wp-json\/wp\/v2\/media?parent=1260"}],"wp:term":[{"taxonomy":"category","embeddable":true,"href":"https:\/\/neanoticias.com\/index.php\/wp-json\/wp\/v2\/categories?post=1260"},{"taxonomy":"post_tag","embeddable":true,"href":"https:\/\/neanoticias.com\/index.php\/wp-json\/wp\/v2\/tags?post=1260"}],"curies":[{"name":"wp","href":"https:\/\/api.w.org\/{rel}","templated":true}]}}