{"id":126,"date":"2022-09-02T13:59:43","date_gmt":"2022-09-02T13:59:43","guid":{"rendered":"https:\/\/neanoticias.com\/?p=126"},"modified":"2022-09-02T13:59:44","modified_gmt":"2022-09-02T13:59:44","slug":"el-uso-del-barbijo-sera-optativo-en-la-provincia-desde-el-21-de-septiembre","status":"publish","type":"post","link":"https:\/\/neanoticias.com\/index.php\/2022\/09\/02\/el-uso-del-barbijo-sera-optativo-en-la-provincia-desde-el-21-de-septiembre\/","title":{"rendered":"EL USO DEL BARBIJO SER\u00c1 OPTATIVO EN LA PROVINCIA DESDE EL 21 DE SEPTIEMBRE"},"content":{"rendered":"\n<p>El inicio de la primavera tendr\u00e1 esa opci\u00f3n para todos aquellos que decidan no utilizar el tapabocas que, desde el 10 de marzo de 2020, es de car\u00e1cter obligatorio en nuestro territorio. Con el paso del tiempo, la medida se fue flexibilizando.<\/p>\n\n\n\n<p><\/p>\n\n\n\n<figure class=\"wp-block-image size-full\"><img loading=\"lazy\" width=\"850\" height=\"602\" src=\"https:\/\/neanoticias.com\/wp-content\/uploads\/2022\/09\/1247417w850h602c.jpg.webp\" alt=\"\" class=\"wp-image-127\" srcset=\"https:\/\/neanoticias.com\/wp-content\/uploads\/2022\/09\/1247417w850h602c.jpg.webp 850w, https:\/\/neanoticias.com\/wp-content\/uploads\/2022\/09\/1247417w850h602c.jpg-300x212.webp 300w, https:\/\/neanoticias.com\/wp-content\/uploads\/2022\/09\/1247417w850h602c.jpg-768x544.webp 768w\" sizes=\"(max-width: 850px) 100vw, 850px\" \/><\/figure>\n\n\n\n<p>Con el transcurrir de la pandemia, el uso del barbijo sufri\u00f3 varias etapas en la provincia de Corrientes. Una medida de flexibilizaci\u00f3n la tuvimos en octubre de 2021, cuando se estableci\u00f3 la no obligatoriedad del tapabocas en lugares abiertos y recreativos.<\/p>\n\n\n\n<p>En esta oportunidad, y luego de 29 meses, la opci\u00f3n de utilizarlo o no ser\u00e1 para todo tipo de \u00e1mbito en nuestro territorio. As\u00ed lo expres\u00f3 el ministro de Salud P\u00fablica provincial, Ricardo Cardozo, quien anunci\u00f3 que el uso del barbijo ser\u00e1 optativo a partir del 21 de septiembre (inicio de la primavera). Seg\u00fan resalt\u00f3 el funcionario, la medida se tom\u00f3 bas\u00e1ndose en la situaci\u00f3n epidemiol\u00f3gica actual de la pandemia del coronavirus pero asegur\u00f3 que la vigilancia se mantendr\u00e1 activa.<\/p>\n\n\n\n<p>&#8220;Lo hemos evaluado con el gobernador Gustavo Vald\u00e9s y es probable que a partir del 21 de septiembre se tome la medida de que sea optativo el uso del barbijo en todos los \u00e1mbitos&#8221;, resalt\u00f3 Cardozo, mientras que hizo un especial llamado a completar esquemas de vacunaci\u00f3n. Vale mencionar que en la provincia, desde octubre de 2021, el uso de tapabocas no es obligatorio en espacios al aire libre, tampoco durante los recreos en el \u00e1mbito escolar, pero hasta la primavera s\u00ed lo ser\u00e1 en espacios cerrados y al aire libre con aglomeraci\u00f3n de personas.<\/p>\n\n\n\n<p>Autoridades resaltaron que todas las medidas tomadas en pandemia se realizan de acuerdo a la situaci\u00f3n epidemiol\u00f3gica que atraviesa en ese momento la provincia, la cual, si llegara a modificarse, lo mismo sucede con las medidas. &#8220;Adem\u00e1s de los puntos habituales de vacunaci\u00f3n en Capital y los que funcionan en el interior, donde trabajamos en articulaci\u00f3n con los hospitales locales, esta semana dio inicio la vacunaci\u00f3n \u2018Salud va a tu Casa\u2019, con la cual en la ciudad de Corrientes concluyeron esta semana en el barrio Juan XIII con m\u00e1s de 500 personas que recibieron el refuerzo de dosis y ma\u00f1ana (por este viernes) terminar\u00edan en el barrio Ciudad de Estepa, para dar continuidad en todas las zonas&#8221;, detall\u00f3.<\/p>\n\n\n\n<p>Agreg\u00f3 que &#8220;tambi\u00e9n se est\u00e1 trabajando en lugares clave, como son los clubes de abuelos y pusimos a disposici\u00f3n el call center para las personas que, por problemas de salud, no puedan trasladarse o tengan incapacidad para movilizarse&#8221;. Cardozo tambi\u00e9n reiter\u00f3 el pedido a &#8220;la poblaci\u00f3n mayor de 50 a\u00f1os para completar refuerzos, esto es clave para seguir disminuyendo la gravedad y la mortalidad del COVID-19&#8221;, concluy\u00f3 el ministro Cardozo.<\/p>\n","protected":false},"excerpt":{"rendered":"<p>El inicio de la primavera tendr\u00e1 esa opci\u00f3n para todos aquellos que decidan no utilizar&#8230;<\/p>\n","protected":false},"author":1,"featured_media":127,"comment_status":"open","ping_status":"open","sticky":false,"template":"","format":"standard","meta":[],"categories":[1],"tags":[],"_links":{"self":[{"href":"https:\/\/neanoticias.com\/index.php\/wp-json\/wp\/v2\/posts\/126"}],"collection":[{"href":"https:\/\/neanoticias.com\/index.php\/wp-json\/wp\/v2\/posts"}],"about":[{"href":"https:\/\/neanoticias.com\/index.php\/wp-json\/wp\/v2\/types\/post"}],"author":[{"embeddable":true,"href":"https:\/\/neanoticias.com\/index.php\/wp-json\/wp\/v2\/users\/1"}],"replies":[{"embeddable":true,"href":"https:\/\/neanoticias.com\/index.php\/wp-json\/wp\/v2\/comments?post=126"}],"version-history":[{"count":1,"href":"https:\/\/neanoticias.com\/index.php\/wp-json\/wp\/v2\/posts\/126\/revisions"}],"predecessor-version":[{"id":128,"href":"https:\/\/neanoticias.com\/index.php\/wp-json\/wp\/v2\/posts\/126\/revisions\/128"}],"wp:featuredmedia":[{"embeddable":true,"href":"https:\/\/neanoticias.com\/index.php\/wp-json\/wp\/v2\/media\/127"}],"wp:attachment":[{"href":"https:\/\/neanoticias.com\/index.php\/wp-json\/wp\/v2\/media?parent=126"}],"wp:term":[{"taxonomy":"category","embeddable":true,"href":"https:\/\/neanoticias.com\/index.php\/wp-json\/wp\/v2\/categories?post=126"},{"taxonomy":"post_tag","embeddable":true,"href":"https:\/\/neanoticias.com\/index.php\/wp-json\/wp\/v2\/tags?post=126"}],"curies":[{"name":"wp","href":"https:\/\/api.w.org\/{rel}","templated":true}]}}