{"id":1256,"date":"2024-01-31T12:38:31","date_gmt":"2024-01-31T12:38:31","guid":{"rendered":"https:\/\/neanoticias.com\/?p=1256"},"modified":"2024-01-31T12:38:31","modified_gmt":"2024-01-31T12:38:31","slug":"tassano-recibio-a-su-par-de-concordia-y-proyectaron-acciones-conjuntas-para-estrechar-lazos-entre-comunas-y-potenciar-su-desarrollo","status":"publish","type":"post","link":"https:\/\/neanoticias.com\/index.php\/2024\/01\/31\/tassano-recibio-a-su-par-de-concordia-y-proyectaron-acciones-conjuntas-para-estrechar-lazos-entre-comunas-y-potenciar-su-desarrollo\/","title":{"rendered":"TASSANO RECIBI\u00d3 A SU PAR DE CONCORDIA Y PROYECTARON ACCIONES CONJUNTAS PARA ESTRECHAR LAZOS ENTRE COMUNAS Y POTENCIAR SU DESARROLLO"},"content":{"rendered":"\n<p><em>El intendente correntino dialog\u00f3 en su despacho con Francisco Azcu\u00e9, en el marco de una visita que realiz\u00f3 con el objetivo de fortalecer v\u00ednculos entre ambas ciudades, proyectar acciones conjuntas e interiorizarse de las pol\u00edticas p\u00fablicas exitosas que se aplicaron en la capital correntina con la idea de tomarlas como modelo y ejecutarlas en su municipio. El jefe comunal entrerriano, abogado egresado de la Unne y conocedor de la ciudad, coincide con Tassano en la necesidad de una gesti\u00f3n austera, enfocada en la generaci\u00f3n de trabajo y orientada a mejorar los servicios p\u00fablicos.<\/em><\/p>\n\n\n\n<figure class=\"wp-block-image size-large\"><img loading=\"lazy\" width=\"1024\" height=\"682\" src=\"https:\/\/neanoticias.com\/wp-content\/uploads\/2024\/01\/7f2b19c3-a857-f5ae-28bb-aa90d74e2f21-1024x682.jpeg\" alt=\"\" class=\"wp-image-1257\" srcset=\"https:\/\/neanoticias.com\/wp-content\/uploads\/2024\/01\/7f2b19c3-a857-f5ae-28bb-aa90d74e2f21-1024x682.jpeg 1024w, https:\/\/neanoticias.com\/wp-content\/uploads\/2024\/01\/7f2b19c3-a857-f5ae-28bb-aa90d74e2f21-300x200.jpeg 300w, https:\/\/neanoticias.com\/wp-content\/uploads\/2024\/01\/7f2b19c3-a857-f5ae-28bb-aa90d74e2f21-768x512.jpeg 768w, https:\/\/neanoticias.com\/wp-content\/uploads\/2024\/01\/7f2b19c3-a857-f5ae-28bb-aa90d74e2f21.jpeg 1280w\" sizes=\"(max-width: 1024px) 100vw, 1024px\" \/><\/figure>\n\n\n\n<p>El intendente Eduardo Tassano recibi\u00f3 en la ma\u00f1ana de este lunes a su par de Concordia (Entre R\u00edos), Francisco Azcu\u00e9, en el marco de una visita que realiz\u00f3 con el objetivo de fortalecer v\u00ednculos entre ambas ciudades, proyectar acciones conjuntas e interiorizarse de las pol\u00edticas p\u00fablicas exitosas que se aplicaron en la capital correntina con la idea de tomarlas como modelo y ejecutarlas en su municipio.<br>Azcu\u00e9 conoce la capital correntina porque residi\u00f3 en esta durante el lapso que curs\u00f3 sus estudios en abogac\u00eda en la Universidad Nacional del Nordeste (Unne).<br>Ambos mandatarios municipales se mostraron entusiasmados por la iniciativa de poder trabajar de manera conjunta y rec\u00edproca.<br>\u00a0<br>DAR RESPUESTA A OTRAS CIUDADES<br>\u201cNos pusimos a disposici\u00f3n de la ciudad de Concordia para poder aportar desde nuestra experiencia en la gesti\u00f3n\u201d, coment\u00f3 el intendente Tassano tras concluir la reuni\u00f3n con su par.<br>En ese marco, apuntal\u00f3 que \u201ccon el intendente Azcu\u00e9 tenemos desaf\u00edos similares, como contener la crisis actual con generaci\u00f3n de condiciones para el empleo y servicios p\u00fablicos de calidad, y aprovechar la temporada de los festivales de verano para impulsar la econom\u00eda, el turismo y la cultura\u201d.<br>\u201cSomos un municipio con mucha experiencia, donde atravesamos momentos dif\u00edciles y ahora podemos dar respuesta y transmitir nuestros aprendizajes a otros municipios\u201d, asever\u00f3 para concluir.<br>\u00a0<br>CORRIENTES COMO MODELO<br>Por su parte, el intendente de Concordia, Francisco Azcu\u00e9 sostuvo que al iniciar la gesti\u00f3n hace un mes \u201cvinimos a visitar a Corrientes, que es mi segunda casa\u201d para \u201ctomar experiencia y ponernos a tono de las pol\u00edticas p\u00fablicas de Corrientes\u201d.<br>Azcu\u00e9 detall\u00f3 que en materia ambiental \u201cnos pareci\u00f3 muy interesante y lo tomamos como modelo a seguir\u201d como tambi\u00e9n \u201cvimos c\u00f3mo llevan adelante los servicios municipales que presta la ciudad correntina y las formas de trabajar\u201d.<br>\u201cBuscamos fortalecer los v\u00ednculos y trabajar entre las dos ciudades\u201d, afirm\u00f3 el intendente de Concordia.<\/p>\n","protected":false},"excerpt":{"rendered":"<p>El intendente correntino dialog\u00f3 en su despacho con Francisco Azcu\u00e9, en el marco de una&#8230;<\/p>\n","protected":false},"author":1,"featured_media":1257,"comment_status":"open","ping_status":"open","sticky":false,"template":"","format":"standard","meta":[],"categories":[1],"tags":[],"_links":{"self":[{"href":"https:\/\/neanoticias.com\/index.php\/wp-json\/wp\/v2\/posts\/1256"}],"collection":[{"href":"https:\/\/neanoticias.com\/index.php\/wp-json\/wp\/v2\/posts"}],"about":[{"href":"https:\/\/neanoticias.com\/index.php\/wp-json\/wp\/v2\/types\/post"}],"author":[{"embeddable":true,"href":"https:\/\/neanoticias.com\/index.php\/wp-json\/wp\/v2\/users\/1"}],"replies":[{"embeddable":true,"href":"https:\/\/neanoticias.com\/index.php\/wp-json\/wp\/v2\/comments?post=1256"}],"version-history":[{"count":1,"href":"https:\/\/neanoticias.com\/index.php\/wp-json\/wp\/v2\/posts\/1256\/revisions"}],"predecessor-version":[{"id":1258,"href":"https:\/\/neanoticias.com\/index.php\/wp-json\/wp\/v2\/posts\/1256\/revisions\/1258"}],"wp:featuredmedia":[{"embeddable":true,"href":"https:\/\/neanoticias.com\/index.php\/wp-json\/wp\/v2\/media\/1257"}],"wp:attachment":[{"href":"https:\/\/neanoticias.com\/index.php\/wp-json\/wp\/v2\/media?parent=1256"}],"wp:term":[{"taxonomy":"category","embeddable":true,"href":"https:\/\/neanoticias.com\/index.php\/wp-json\/wp\/v2\/categories?post=1256"},{"taxonomy":"post_tag","embeddable":true,"href":"https:\/\/neanoticias.com\/index.php\/wp-json\/wp\/v2\/tags?post=1256"}],"curies":[{"name":"wp","href":"https:\/\/api.w.org\/{rel}","templated":true}]}}