{"id":1253,"date":"2024-01-31T12:35:56","date_gmt":"2024-01-31T12:35:56","guid":{"rendered":"https:\/\/neanoticias.com\/?p=1253"},"modified":"2024-01-31T12:35:57","modified_gmt":"2024-01-31T12:35:57","slug":"varios-demorados-en-zona-sur-de-capital","status":"publish","type":"post","link":"https:\/\/neanoticias.com\/index.php\/2024\/01\/31\/varios-demorados-en-zona-sur-de-capital\/","title":{"rendered":"VARIOS DEMORADOS EN ZONA SUR DE CAPITAL"},"content":{"rendered":"\n<p>Una de las divisiones especiales de la Polic\u00eda de Corrientes realiz\u00f3 diversas intervenciones en las zonas m\u00e1s cr\u00edticas en materia de inseguridad de la ciudad.<\/p>\n\n\n\n<figure class=\"wp-block-image size-full\"><img loading=\"lazy\" width=\"762\" height=\"816\" src=\"https:\/\/neanoticias.com\/wp-content\/uploads\/2024\/01\/1344888w762h816c.jpg.webp\" alt=\"\" class=\"wp-image-1254\" srcset=\"https:\/\/neanoticias.com\/wp-content\/uploads\/2024\/01\/1344888w762h816c.jpg.webp 762w, https:\/\/neanoticias.com\/wp-content\/uploads\/2024\/01\/1344888w762h816c.jpg-280x300.webp 280w\" sizes=\"(max-width: 762px) 100vw, 762px\" \/><\/figure>\n\n\n\n<p>La primera de estas actuaciones se dio en horas de la tarde, en cercan\u00edas de la avenida Teniente Ib\u00e1\u00f1ez, donde se encuentra un comercio de venta de panificados. Los efectivos procedieron a demorar a un individuo mayor de edad que ocasionaba disturbios en la v\u00eda p\u00fablica.<\/p>\n\n\n\n<p>En este contexto, los uniformados que fueron alertados por el sistema de emergencia 911 concurrieron al lugar donde pudieron constatar que el sujeto en cuesti\u00f3n causaba desorden y molestaba a las personas que transitaban por all\u00ed. Al detenerlo pudieron corroborar que se trataba de una persona de 32 a\u00f1os en situaci\u00f3n de calle.<\/p>\n\n\n\n<p>Esta persona fue trasladada por motivos de jurisdicci\u00f3n a la Comisar\u00eda Doceava.<\/p>\n\n\n\n<p>Unas pocas horas despu\u00e9s, ya en la noche correntina, en inmediaciones de las calles Necochea y Alberdi del barrio San Mart\u00edn, los agentes demoraron a otra persona de 32 a\u00f1os. En este caso, lo detuvieron porque habr\u00eda sido visto en actitud sospechosa mientras observaba los veh\u00edculos y domicilios de esa intersecci\u00f3n.<\/p>\n\n\n\n<p>Luego, ya en la madrugada, por calles Guastavino y Las Heras, un hombre de 30 a\u00f1os fue arrestado por circular con actitud sospechosa por el lugar. Al ser consultado sobre su estad\u00eda, no pudo justificar su presencia por en esa zona.<\/p>\n\n\n\n<p>En todos estos casos, los demorados fueron trasladados y alojados en la Comisar\u00eda Segunda, donde se siguieron con los tr\u00e1mites respectivos.<\/p>\n\n\n\n<p>De igual manera, pero en horas tempranas de la ma\u00f1ana, en inmediaciones de la avenida Col\u00f3n y calle Z\u00e1rate, procedieron a la demora de un hombre de 42 a\u00f1os, quien estaba presumiblemente al acecho por la zona. Fue trasladado a la Comisar\u00eda Doceava para los tr\u00e1mites correspondientes.<\/p>\n\n\n\n<p>Todos estas intervenciones fueron llevadas a cabo en una de las zonas m\u00e1s complejas de la ciudad en cuanto al esquema de seguridad. La zona sur del distrito Capital es una de las denominadas por las fuerzas de seguridad locales como &#8220;zona caliente&#8221; por la cantidad de registros de il\u00edcitos que suceden en ese sector de la geograf\u00eda capitalina.<\/p>\n\n\n\n<h2>Demorado por robarse una bolsa de helados<\/h2>\n\n\n\n<p>En horas de la madrugada, mientras los efectivos policiales del Destacamento San Marcos realizaban tareas de recorridas de prevenci\u00f3n, en inmediaciones de las calles Tres Sargentos y Congreso del barrio Santa Mar\u00eda de la capital provincial, procedieron a la demora de un joven de 23 a\u00f1os.<\/p>\n\n\n\n<p>La causa fue que el sujeto se habr\u00eda encontrado merodeando por la zona y tra\u00eda consigo una bolsa negra que conten\u00eda en su interior varios helados, que presumen habr\u00edan sido sustra\u00eddos de una local comercial de inmediaciones a esa ubicaci\u00f3n.<\/p>\n\n\n\n<p>Estos elementos fueron secuestrados de manera preventiva, puesto que el individuo no pudo justificar de manera veraz que sean de su propiedad ni tampoco pudo argumentar su procedencia.<\/p>\n\n\n\n<p>El demorado y los elementos secuestrados fueron trasladados por motivos de intervenci\u00f3n jurisdiccional a la Comisar\u00eda S\u00e9ptima del barrio Mil Viviendas, donde se continuaron con los tr\u00e1mites administrativos del caso.<\/p>\n","protected":false},"excerpt":{"rendered":"<p>Una de las divisiones especiales de la Polic\u00eda de Corrientes realiz\u00f3 diversas intervenciones en las&#8230;<\/p>\n","protected":false},"author":1,"featured_media":1254,"comment_status":"open","ping_status":"open","sticky":false,"template":"","format":"standard","meta":[],"categories":[1],"tags":[],"_links":{"self":[{"href":"https:\/\/neanoticias.com\/index.php\/wp-json\/wp\/v2\/posts\/1253"}],"collection":[{"href":"https:\/\/neanoticias.com\/index.php\/wp-json\/wp\/v2\/posts"}],"about":[{"href":"https:\/\/neanoticias.com\/index.php\/wp-json\/wp\/v2\/types\/post"}],"author":[{"embeddable":true,"href":"https:\/\/neanoticias.com\/index.php\/wp-json\/wp\/v2\/users\/1"}],"replies":[{"embeddable":true,"href":"https:\/\/neanoticias.com\/index.php\/wp-json\/wp\/v2\/comments?post=1253"}],"version-history":[{"count":1,"href":"https:\/\/neanoticias.com\/index.php\/wp-json\/wp\/v2\/posts\/1253\/revisions"}],"predecessor-version":[{"id":1255,"href":"https:\/\/neanoticias.com\/index.php\/wp-json\/wp\/v2\/posts\/1253\/revisions\/1255"}],"wp:featuredmedia":[{"embeddable":true,"href":"https:\/\/neanoticias.com\/index.php\/wp-json\/wp\/v2\/media\/1254"}],"wp:attachment":[{"href":"https:\/\/neanoticias.com\/index.php\/wp-json\/wp\/v2\/media?parent=1253"}],"wp:term":[{"taxonomy":"category","embeddable":true,"href":"https:\/\/neanoticias.com\/index.php\/wp-json\/wp\/v2\/categories?post=1253"},{"taxonomy":"post_tag","embeddable":true,"href":"https:\/\/neanoticias.com\/index.php\/wp-json\/wp\/v2\/tags?post=1253"}],"curies":[{"name":"wp","href":"https:\/\/api.w.org\/{rel}","templated":true}]}}