{"id":1250,"date":"2024-01-31T12:34:57","date_gmt":"2024-01-31T12:34:57","guid":{"rendered":"https:\/\/neanoticias.com\/?p=1250"},"modified":"2024-01-31T12:34:59","modified_gmt":"2024-01-31T12:34:59","slug":"un-preso-amenazo-con-que-30-reclusos-dejaran-de-trabajar-si-no-agregan-mas-telefonos-fijos","status":"publish","type":"post","link":"https:\/\/neanoticias.com\/index.php\/2024\/01\/31\/un-preso-amenazo-con-que-30-reclusos-dejaran-de-trabajar-si-no-agregan-mas-telefonos-fijos\/","title":{"rendered":"UN PRESO AMENAZ\u00d3 CON QUE 30 RECLUSOS DEJAR\u00c1N DE TRABAJAR SI NO AGREGAN M\u00c1S TEL\u00c9FONOS FIJOS"},"content":{"rendered":"\n<p>Un recluso de S\u00e1enz Pe\u00f1a, alojado en la Unidad Penitenciaria N\u00b0 11, impuls\u00f3 un h\u00e1beas corpus debido a &#8220;la poca cantidad de tel\u00e9fonos fijos con los que cuentan para llamar a sus familiares, siendo que son 30 internos&#8221;. En su acci\u00f3n, J.N.D. amenaz\u00f3 con que, si no se resolv\u00eda este problema, los internos se negar\u00edan a trabajar.<\/p>\n\n\n\n<figure class=\"wp-block-image size-full\"><img loading=\"lazy\" width=\"762\" height=\"497\" src=\"https:\/\/neanoticias.com\/wp-content\/uploads\/2024\/01\/1344919w762h497c.webp.webp\" alt=\"\" class=\"wp-image-1251\" srcset=\"https:\/\/neanoticias.com\/wp-content\/uploads\/2024\/01\/1344919w762h497c.webp.webp 762w, https:\/\/neanoticias.com\/wp-content\/uploads\/2024\/01\/1344919w762h497c.webp-300x196.webp 300w\" sizes=\"(max-width: 762px) 100vw, 762px\" \/><\/figure>\n\n\n\n<p>Adem\u00e1s, se quej\u00f3 acerca del estado de los ba\u00f1os, se\u00f1al\u00f3 que la comida &#8220;a veces viene fea&#8221; y cuestion\u00f3 la falta de ventilaci\u00f3n en el pabell\u00f3n.&nbsp;<\/p>\n\n\n\n<p>Inicialmente, el Juzgado Federal rechaz\u00f3 los reclamos del recluso, ya que, seg\u00fan los informes recopilados, los miembros de la Unidad Penitenciaria N\u00b0 11 mostraron disposici\u00f3n para abordar las dificultades edilicias, dentro de los l\u00edmites de su presupuesto asignado. Esto se refleja en los informes adjuntos, que describen las constantes mejoras realizadas en el lugar.<\/p>\n\n\n\n<p>Los informes judiciales destacan una &#8220;conducta intransigente de los internos&#8221;, a pesar de las obras de mejora en los ba\u00f1os y la existencia de 21 l\u00edneas telef\u00f3nicas. En cuanto a la queja sobre la calidad de la comida, se argument\u00f3 que &#8220;no es suficiente por s\u00ed sola para considerar un empeoramiento en las condiciones de detenci\u00f3n&#8221;, especialmente teniendo en cuenta que el propio interno trabaja en el \u00e1rea de cocina y no ampli\u00f3 sus comentarios sobre este punto, indicando que su queja podr\u00eda deberse a una apreciaci\u00f3n personal.<\/p>\n\n\n\n<p>La C\u00e1mara Federal de Apelaciones confirm\u00f3 la decisi\u00f3n previamente tomada en instancias anteriores, rechazando la acci\u00f3n presentada por el detenido.<\/p>\n","protected":false},"excerpt":{"rendered":"<p>Un recluso de S\u00e1enz Pe\u00f1a, alojado en la Unidad Penitenciaria N\u00b0 11, impuls\u00f3 un h\u00e1beas&#8230;<\/p>\n","protected":false},"author":1,"featured_media":1251,"comment_status":"open","ping_status":"open","sticky":false,"template":"","format":"standard","meta":[],"categories":[1],"tags":[],"_links":{"self":[{"href":"https:\/\/neanoticias.com\/index.php\/wp-json\/wp\/v2\/posts\/1250"}],"collection":[{"href":"https:\/\/neanoticias.com\/index.php\/wp-json\/wp\/v2\/posts"}],"about":[{"href":"https:\/\/neanoticias.com\/index.php\/wp-json\/wp\/v2\/types\/post"}],"author":[{"embeddable":true,"href":"https:\/\/neanoticias.com\/index.php\/wp-json\/wp\/v2\/users\/1"}],"replies":[{"embeddable":true,"href":"https:\/\/neanoticias.com\/index.php\/wp-json\/wp\/v2\/comments?post=1250"}],"version-history":[{"count":1,"href":"https:\/\/neanoticias.com\/index.php\/wp-json\/wp\/v2\/posts\/1250\/revisions"}],"predecessor-version":[{"id":1252,"href":"https:\/\/neanoticias.com\/index.php\/wp-json\/wp\/v2\/posts\/1250\/revisions\/1252"}],"wp:featuredmedia":[{"embeddable":true,"href":"https:\/\/neanoticias.com\/index.php\/wp-json\/wp\/v2\/media\/1251"}],"wp:attachment":[{"href":"https:\/\/neanoticias.com\/index.php\/wp-json\/wp\/v2\/media?parent=1250"}],"wp:term":[{"taxonomy":"category","embeddable":true,"href":"https:\/\/neanoticias.com\/index.php\/wp-json\/wp\/v2\/categories?post=1250"},{"taxonomy":"post_tag","embeddable":true,"href":"https:\/\/neanoticias.com\/index.php\/wp-json\/wp\/v2\/tags?post=1250"}],"curies":[{"name":"wp","href":"https:\/\/api.w.org\/{rel}","templated":true}]}}