{"id":1241,"date":"2024-01-31T12:20:44","date_gmt":"2024-01-31T12:20:44","guid":{"rendered":"https:\/\/neanoticias.com\/?p=1241"},"modified":"2024-01-31T12:20:45","modified_gmt":"2024-01-31T12:20:45","slug":"ya-son-7-los-muertos-por-encefalitis-equina-en-el-pais-y-preocupa-el-aumento-de-casos","status":"publish","type":"post","link":"https:\/\/neanoticias.com\/index.php\/2024\/01\/31\/ya-son-7-los-muertos-por-encefalitis-equina-en-el-pais-y-preocupa-el-aumento-de-casos\/","title":{"rendered":"YA SON 7 LOS MUERTOS POR ENCEFALITIS EQUINA EN EL PA\u00cdS Y PREOCUPA EL AUMENTO DE CASOS"},"content":{"rendered":"\n<p>El \u00faltimo Bolet\u00edn Epidemiol\u00f3gico Nacional indic\u00f3 cinco fallecidos, pero horas despu\u00e9s C\u00f3rdoba inform\u00f3 dos fallecidos m\u00e1s.<\/p>\n\n\n\n<figure class=\"wp-block-image size-full\"><img loading=\"lazy\" width=\"762\" height=\"429\" src=\"https:\/\/neanoticias.com\/wp-content\/uploads\/2024\/01\/1344916w762h429c.jpg.webp\" alt=\"\" class=\"wp-image-1242\" srcset=\"https:\/\/neanoticias.com\/wp-content\/uploads\/2024\/01\/1344916w762h429c.jpg.webp 762w, https:\/\/neanoticias.com\/wp-content\/uploads\/2024\/01\/1344916w762h429c.jpg-300x169.webp 300w\" sizes=\"(max-width: 762px) 100vw, 762px\" \/><\/figure>\n\n\n\n<p>Sigue la preocupaci\u00f3n por el aumento de casos de encefalitis equina en el pa\u00eds y ya son 7 los fallecidos por la enfermedad. El \u00faltimo Bolet\u00edn Epidemiol\u00f3gico Nacional hab\u00eda indicado que eran cinco las personas que murieron, pero horas despu\u00e9s C\u00f3rdoba inform\u00f3 dos decesos m\u00e1s.&nbsp;<\/p>\n\n\n\n<p>De este modo, ya son siete los ciudadanos que perdieron la vida y ahora el eje se centr\u00f3 en el aumento de casos desde que empez\u00f3 el 2024.<\/p>\n\n\n\n<p>Este preocupaci\u00f3n se genera porque hasta el 25 de enero se confirmaron 41 casos, el primero se dio a conocer en diciembre de 2023 y en esta oportunidad el paciente pudo recuperarse.<\/p>\n\n\n\n<p>&#8220;El Ministerio de Salud de la Naci\u00f3n se encuentra trabajando en conjunto con el Senasa y con las carteras sanitarias provinciales, en la coordinaci\u00f3n de acciones de prevenci\u00f3n, vigilancia epidemiol\u00f3gica y control vectorial&#8221;, inform\u00f3 el gobierno.<\/p>\n\n\n\n<p>Otras de las cuestiones que destacaron es que el 24 de enero se estableci\u00f3 la vacunaci\u00f3n obligatoria en todo el territorio contra las encefalomielitis equinas del Este y del Oeste para todos los \u00e9quidos que tengan al menos dos meses de vida, en el marco de la emergencia sanitaria por la enfermedad establecida mediante la Resoluci\u00f3n 1219\/2023.<\/p>\n\n\n\n<p>Las provincias que hasta el momento confirmaron casos positivos de la enfermedad son: Buenos Aires (23), C\u00f3rdoba (2), Santa Fe (10), Entre R\u00edos (5), y Santiago del Estero (1).<\/p>\n\n\n\n<p>En las \u00faltimas 3 semanas (de SE 01 a SE 03\/2024) se registraron un promedio de 36 casos sospechosos semanales.<\/p>\n\n\n\n<p>Es por este motivo que desde la cartera sanitaria insisten en respetar el saneamiento ambiental de los predios donde se alojan caballos y personas asociadas a dicha actividad.<\/p>\n\n\n\n<p>Para ello es indispensable:&nbsp;<\/p>\n\n\n\n<p>Rellenar o drenar charcos o acumulaciones de agua para disminuir sitios donde los mosquitos puedan depositar sus huevos y, as\u00ed, reproducirse.<br>Mantener el pasto corto en los alrededores de las viviendas y predios verdes, p\u00fablicos y privados, para disminuir la presencia de mosquitos adultos.<br>C\u00f3mo ocurre con el dengue, es importante usar ropa de trabajo clara y de manga larga, ponerse repelentes, colocar telas mosquiteras en puertas y ventanas, as\u00ed como tambi\u00e9n realizar una revisi\u00f3n cl\u00ednica peri\u00f3dica de los caballos y vacunarlos.<\/p>\n","protected":false},"excerpt":{"rendered":"<p>El \u00faltimo Bolet\u00edn Epidemiol\u00f3gico Nacional indic\u00f3 cinco fallecidos, pero horas despu\u00e9s C\u00f3rdoba inform\u00f3 dos fallecidos&#8230;<\/p>\n","protected":false},"author":1,"featured_media":1242,"comment_status":"open","ping_status":"open","sticky":false,"template":"","format":"standard","meta":[],"categories":[1],"tags":[],"_links":{"self":[{"href":"https:\/\/neanoticias.com\/index.php\/wp-json\/wp\/v2\/posts\/1241"}],"collection":[{"href":"https:\/\/neanoticias.com\/index.php\/wp-json\/wp\/v2\/posts"}],"about":[{"href":"https:\/\/neanoticias.com\/index.php\/wp-json\/wp\/v2\/types\/post"}],"author":[{"embeddable":true,"href":"https:\/\/neanoticias.com\/index.php\/wp-json\/wp\/v2\/users\/1"}],"replies":[{"embeddable":true,"href":"https:\/\/neanoticias.com\/index.php\/wp-json\/wp\/v2\/comments?post=1241"}],"version-history":[{"count":1,"href":"https:\/\/neanoticias.com\/index.php\/wp-json\/wp\/v2\/posts\/1241\/revisions"}],"predecessor-version":[{"id":1243,"href":"https:\/\/neanoticias.com\/index.php\/wp-json\/wp\/v2\/posts\/1241\/revisions\/1243"}],"wp:featuredmedia":[{"embeddable":true,"href":"https:\/\/neanoticias.com\/index.php\/wp-json\/wp\/v2\/media\/1242"}],"wp:attachment":[{"href":"https:\/\/neanoticias.com\/index.php\/wp-json\/wp\/v2\/media?parent=1241"}],"wp:term":[{"taxonomy":"category","embeddable":true,"href":"https:\/\/neanoticias.com\/index.php\/wp-json\/wp\/v2\/categories?post=1241"},{"taxonomy":"post_tag","embeddable":true,"href":"https:\/\/neanoticias.com\/index.php\/wp-json\/wp\/v2\/tags?post=1241"}],"curies":[{"name":"wp","href":"https:\/\/api.w.org\/{rel}","templated":true}]}}