{"id":1236,"date":"2024-01-19T11:28:29","date_gmt":"2024-01-19T11:28:29","guid":{"rendered":"https:\/\/neanoticias.com\/?p=1236"},"modified":"2024-01-19T11:28:30","modified_gmt":"2024-01-19T11:28:30","slug":"tassano-en-san-baltasar-la-gente-constituyo-esta-fiesta-en-una-de-las-mas-importantes-de-la-ciudad","status":"publish","type":"post","link":"https:\/\/neanoticias.com\/index.php\/2024\/01\/19\/tassano-en-san-baltasar-la-gente-constituyo-esta-fiesta-en-una-de-las-mas-importantes-de-la-ciudad\/","title":{"rendered":"TASSANO EN SAN BALTASAR: \u201cLA GENTE CONSTITUY\u00d3 ESTA FIESTA EN UNA DE LAS M\u00c1S IMPORTANTES DE LA CIUDAD\u201d"},"content":{"rendered":"\n<p><em>El intendente particip\u00f3 de la celebraci\u00f3n central en honor al santo llevada a cabo en los primeros minutos del d\u00eda festivo en el parque Camb\u00e1 Cu\u00e1. Una importante cantidad de fieles, vecinos y turistas participaron de la procesi\u00f3n y el festival musical, que este a\u00f1o cont\u00f3 con un importante apoyo municipal.<\/em><\/p>\n\n\n\n<figure class=\"wp-block-image size-large\"><img loading=\"lazy\" width=\"1024\" height=\"682\" src=\"https:\/\/neanoticias.com\/wp-content\/uploads\/2024\/01\/2c27429d-aece-6259-cb84-52b795f46f39-1024x682.jpeg\" alt=\"\" class=\"wp-image-1237\" srcset=\"https:\/\/neanoticias.com\/wp-content\/uploads\/2024\/01\/2c27429d-aece-6259-cb84-52b795f46f39-1024x682.jpeg 1024w, https:\/\/neanoticias.com\/wp-content\/uploads\/2024\/01\/2c27429d-aece-6259-cb84-52b795f46f39-300x200.jpeg 300w, https:\/\/neanoticias.com\/wp-content\/uploads\/2024\/01\/2c27429d-aece-6259-cb84-52b795f46f39-768x512.jpeg 768w, https:\/\/neanoticias.com\/wp-content\/uploads\/2024\/01\/2c27429d-aece-6259-cb84-52b795f46f39.jpeg 1280w\" sizes=\"(max-width: 1024px) 100vw, 1024px\" \/><\/figure>\n\n\n\n<p>Con masiva participaci\u00f3n de vecinos y turistas, se llev\u00f3 a cabo el fin de semana el festival en honor a San Baltasar. La noche central se vivi\u00f3 el viernes y los primeros minutos del s\u00e1bado, d\u00eda del santo, ocasi\u00f3n en que asisti\u00f3 el intendente Eduardo Tassano para acompa\u00f1ar este evento popular: \u201cLa gente constituy\u00f3 esta fiesta en\u00a0una de las m\u00e1s importante de la ciudad\u201d, resalt\u00f3 el intendente.<br>El programa de actividades incluy\u00f3 tres jornadas con disertaciones sobre la tradici\u00f3n afrodescendiente, la conmemoraci\u00f3n de los 30 a\u00f1os de la Cofrad\u00eda de San Baltasar, actos religiosos y un festival art\u00edstico con importantes n\u00fameros musicales.<br>\u201cEstamos esperando el inicio del d\u00eda de San Baltasar, compartiendo esta fiesta tan importante que creci\u00f3 en estos \u00faltimos a\u00f1os. Estamos esperando la llegada de la procesi\u00f3n de devotos, bailarines y todos los que hacen culto a San Baltasar\u201d, indic\u00f3 en su visita al parque Camb\u00e1 Cu\u00e1.<br>Por su parte, el secretario de Cultura y Educaci\u00f3n del Municipio Jos\u00e9 Sand, marc\u00f3 que desde horas muy temprana el p\u00fablico asisti\u00f3 al festival y \u201ceso nos reconforta\u201d porque \u201cEsto es Corrientes. Es tradici\u00f3n, mucha historia, mucha cultura, mucha fe, pero sobre todo es la identidad que nos caracteriza\u201d.<br>Sand resalt\u00f3 que en el encuentro \u201ctambi\u00e9n se comparten otros tipos de actividades que la Municipalidad prepara para esta ocasi\u00f3n, porque son tres d\u00edas de celebraci\u00f3n con m\u00faltiples eventos, lo cual hace que se visibilice cada vez m\u00e1s este tipo de homenaje a San Baltasar\u201d, sostuvo.<br>Sand concluy\u00f3 destacando la importancia de una nueva valoraci\u00f3n de esta festividad y su acompa\u00f1amiento: \u201cForma parte de la primera actividad de nuestra agenda cultural y tur\u00edstica; Corrientes abraza esta celebraci\u00f3n por su rica historia y tradici\u00f3n, pero tambi\u00e9n la fe, la creencia del pueblo hace que cada vez tome m\u00e1s relevancia\u201d.<br>\u201cPara nosotros es sumamente importante porque adem\u00e1s tambi\u00e9n generamos un evento muy cultural para que los emprendedores locales puedan venir a vender sus productos y esto se genera por un lado como boca de ventas, pero tambi\u00e9n sus productos son conocidos por otras personas que est\u00e1n en el circuito\u201d, reconoci\u00f3 el funcionario municipal.<br>\u00a0<br>FAMILIA DE LA COFRAD\u00cdA<br>Tambi\u00e9n habl\u00f3 Alicia Ang\u00e9lica Insaurralde de Caballero, devota e integrante de una reconocida familia del Camb\u00e1 Cu\u00e1 que forma parte de la organizaci\u00f3n de esta festividad en la ciudad. \u201cLa fiesta la venimos realizando junto a 20 familias, que somos de la Cofrad\u00eda de San Baltasar. Y como siempre decimos, una fiesta cat\u00f3lica: hacemos su misa en la Iglesia de la Merced\u201d.<br>Asimismo, cont\u00f3 que \u201crealizamos por primera vez esta fiesta en 1994 con don Rof\u00e9 y Toni Cort\u00e9s. No hemos parado nunca, incluso la realizamos en pandemia, saliendo en procesi\u00f3n con autos\u201d, record\u00f3 finalmente.<\/p>\n","protected":false},"excerpt":{"rendered":"<p>El intendente particip\u00f3 de la celebraci\u00f3n central en honor al santo llevada a cabo en&#8230;<\/p>\n","protected":false},"author":1,"featured_media":1237,"comment_status":"open","ping_status":"open","sticky":false,"template":"","format":"standard","meta":[],"categories":[1],"tags":[],"_links":{"self":[{"href":"https:\/\/neanoticias.com\/index.php\/wp-json\/wp\/v2\/posts\/1236"}],"collection":[{"href":"https:\/\/neanoticias.com\/index.php\/wp-json\/wp\/v2\/posts"}],"about":[{"href":"https:\/\/neanoticias.com\/index.php\/wp-json\/wp\/v2\/types\/post"}],"author":[{"embeddable":true,"href":"https:\/\/neanoticias.com\/index.php\/wp-json\/wp\/v2\/users\/1"}],"replies":[{"embeddable":true,"href":"https:\/\/neanoticias.com\/index.php\/wp-json\/wp\/v2\/comments?post=1236"}],"version-history":[{"count":1,"href":"https:\/\/neanoticias.com\/index.php\/wp-json\/wp\/v2\/posts\/1236\/revisions"}],"predecessor-version":[{"id":1238,"href":"https:\/\/neanoticias.com\/index.php\/wp-json\/wp\/v2\/posts\/1236\/revisions\/1238"}],"wp:featuredmedia":[{"embeddable":true,"href":"https:\/\/neanoticias.com\/index.php\/wp-json\/wp\/v2\/media\/1237"}],"wp:attachment":[{"href":"https:\/\/neanoticias.com\/index.php\/wp-json\/wp\/v2\/media?parent=1236"}],"wp:term":[{"taxonomy":"category","embeddable":true,"href":"https:\/\/neanoticias.com\/index.php\/wp-json\/wp\/v2\/categories?post=1236"},{"taxonomy":"post_tag","embeddable":true,"href":"https:\/\/neanoticias.com\/index.php\/wp-json\/wp\/v2\/tags?post=1236"}],"curies":[{"name":"wp","href":"https:\/\/api.w.org\/{rel}","templated":true}]}}