{"id":1230,"date":"2024-01-19T11:26:05","date_gmt":"2024-01-19T11:26:05","guid":{"rendered":"https:\/\/neanoticias.com\/?p=1230"},"modified":"2024-01-19T11:26:06","modified_gmt":"2024-01-19T11:26:06","slug":"entraron-a-robar-en-un-taller-y-se-llevaron-una-costosa-bicicleta","status":"publish","type":"post","link":"https:\/\/neanoticias.com\/index.php\/2024\/01\/19\/entraron-a-robar-en-un-taller-y-se-llevaron-una-costosa-bicicleta\/","title":{"rendered":"ENTRARON A ROBAR EN UN TALLER Y SE LLEVARON UNA COSTOSA BICICLETA"},"content":{"rendered":"\n<p>El hecho de inseguridad ocurri\u00f3 en el barrio Pirayu\u00ed.\u00a0 Tambi\u00e9n sustrajeron un comprensor.\u00a0<\/p>\n\n\n\n<figure class=\"wp-block-image size-full\"><img loading=\"lazy\" width=\"850\" height=\"478\" src=\"https:\/\/neanoticias.com\/wp-content\/uploads\/2024\/01\/1342618w850h478c.jpg-1.webp\" alt=\"\" class=\"wp-image-1231\" srcset=\"https:\/\/neanoticias.com\/wp-content\/uploads\/2024\/01\/1342618w850h478c.jpg-1.webp 850w, https:\/\/neanoticias.com\/wp-content\/uploads\/2024\/01\/1342618w850h478c.jpg-1-300x169.webp 300w, https:\/\/neanoticias.com\/wp-content\/uploads\/2024\/01\/1342618w850h478c.jpg-1-768x432.webp 768w\" sizes=\"(max-width: 850px) 100vw, 850px\" \/><\/figure>\n\n\n\n<p>Un taller de arreglos de bicicletas y motocicletas fue v\u00edctima de la inseguridad cuando delincuentes ingresaron al lugar y se terminaron llevando una bici y un comprensor.<\/p>\n\n\n\n<p>El local se encuentra en el barrio Pirayu\u00ed por calle Cuba, entre Tur\u00edn y Arruga. &nbsp;Su propietario se llama V\u00edctor C\u00e1ceres y cont\u00f3 a diario \u00e9poca que la bicicleta sustra\u00edda valdr\u00eda m\u00e1s de 400 mil pesos y que la ten\u00eda que entregar este jueves a su due\u00f1o tras realizarle un servicio de mantenimiento. &nbsp;<\/p>\n\n\n\n<p>&#8220;Uno se esfuerza todos los d\u00edas y encontrarte con esto, no s\u00e9, no tengo palabras para expresar lo que estoy sintiendo en este momento&#8221;, relat\u00f3 indignado C\u00e1ceres, quien se\u00f1al\u00f3 que el taller lleva m\u00e1s de un a\u00f1o desde que abri\u00f3 sus puertas.<\/p>\n\n\n\n<p>A la vez, dijo que el compresor que le robaron &#8220;es el pulm\u00f3n y coraz\u00f3n del trabajo que realiza&#8221;. &#8220;La verdad que estoy muy desorientado&#8221;, asegur\u00f3.<\/p>\n","protected":false},"excerpt":{"rendered":"<p>El hecho de inseguridad ocurri\u00f3 en el barrio Pirayu\u00ed.\u00a0 Tambi\u00e9n sustrajeron un comprensor.\u00a0 Un taller&#8230;<\/p>\n","protected":false},"author":1,"featured_media":1231,"comment_status":"open","ping_status":"open","sticky":false,"template":"","format":"standard","meta":[],"categories":[1],"tags":[],"_links":{"self":[{"href":"https:\/\/neanoticias.com\/index.php\/wp-json\/wp\/v2\/posts\/1230"}],"collection":[{"href":"https:\/\/neanoticias.com\/index.php\/wp-json\/wp\/v2\/posts"}],"about":[{"href":"https:\/\/neanoticias.com\/index.php\/wp-json\/wp\/v2\/types\/post"}],"author":[{"embeddable":true,"href":"https:\/\/neanoticias.com\/index.php\/wp-json\/wp\/v2\/users\/1"}],"replies":[{"embeddable":true,"href":"https:\/\/neanoticias.com\/index.php\/wp-json\/wp\/v2\/comments?post=1230"}],"version-history":[{"count":1,"href":"https:\/\/neanoticias.com\/index.php\/wp-json\/wp\/v2\/posts\/1230\/revisions"}],"predecessor-version":[{"id":1232,"href":"https:\/\/neanoticias.com\/index.php\/wp-json\/wp\/v2\/posts\/1230\/revisions\/1232"}],"wp:featuredmedia":[{"embeddable":true,"href":"https:\/\/neanoticias.com\/index.php\/wp-json\/wp\/v2\/media\/1231"}],"wp:attachment":[{"href":"https:\/\/neanoticias.com\/index.php\/wp-json\/wp\/v2\/media?parent=1230"}],"wp:term":[{"taxonomy":"category","embeddable":true,"href":"https:\/\/neanoticias.com\/index.php\/wp-json\/wp\/v2\/categories?post=1230"},{"taxonomy":"post_tag","embeddable":true,"href":"https:\/\/neanoticias.com\/index.php\/wp-json\/wp\/v2\/tags?post=1230"}],"curies":[{"name":"wp","href":"https:\/\/api.w.org\/{rel}","templated":true}]}}