{"id":1223,"date":"2024-01-19T11:15:53","date_gmt":"2024-01-19T11:15:53","guid":{"rendered":"https:\/\/neanoticias.com\/?p=1223"},"modified":"2024-01-19T11:15:53","modified_gmt":"2024-01-19T11:15:53","slug":"escuela-correntina-fue-robada-doce-veces-en-cuatro-meses","status":"publish","type":"post","link":"https:\/\/neanoticias.com\/index.php\/2024\/01\/19\/escuela-correntina-fue-robada-doce-veces-en-cuatro-meses\/","title":{"rendered":"ESCUELA CORRENTINA FUE ROBADA DOCE VECES EN CUATRO MESES"},"content":{"rendered":"\n<p>Nuevamente una instituci\u00f3n educativa fue blanco de la delincuencia, esta vez sustrajeron dos ventiladores de la Escuela T\u00e9cnica Pedro Ferr\u00e9. El autor estar\u00eda identificado, sin embargo, a\u00fan no hay detenidos. Intranquilidad en las autoridades del establecimiento.<\/p>\n\n\n\n<figure class=\"wp-block-image size-full\"><img loading=\"lazy\" width=\"762\" height=\"438\" src=\"https:\/\/neanoticias.com\/wp-content\/uploads\/2024\/01\/1342696w762h438c.jpg.webp\" alt=\"\" class=\"wp-image-1224\" srcset=\"https:\/\/neanoticias.com\/wp-content\/uploads\/2024\/01\/1342696w762h438c.jpg.webp 762w, https:\/\/neanoticias.com\/wp-content\/uploads\/2024\/01\/1342696w762h438c.jpg-300x172.webp 300w\" sizes=\"(max-width: 762px) 100vw, 762px\" \/><\/figure>\n\n\n\n<p>D\u00edas atr\u00e1s, nuevamente la escuela Pedro Ferr\u00e9, ubicada en el barrio Cichero de la Capital Provincial, fue foco de una maniobra delictiva en donde se llevaron dos ventiladores y destrozaron una puerta con rejas; un da\u00f1o enorme para la instituci\u00f3n, que parece padecer cada vez m\u00e1s los efectos de la inseguridad.<\/p>\n\n\n\n<p>Las autoridades del establecimiento se encuentran en estado de preocupaci\u00f3n por el n\u00famero de ingresos de delincuentes a las instalaciones. Una cifra que asciende a la docena de intrusiones en el corto lapso de cuatro meses. El autor de estos hechos estar\u00eda identificado, pero la Polic\u00eda no ha podido detenerlo.<\/p>\n\n\n\n<p>En relaci\u00f3n a este \u00faltimo hecho, \u00e9poca se contact\u00f3 con el rector de la Escuela T\u00e9cnica Brigadier General Pedro Ferr\u00e9, Andr\u00e9s Barrios Arcauz, quien coment\u00f3 que &#8220;desde octubre para ac\u00e1 ya hemos sufrido doce irrupciones en la escuela&#8221;, expres\u00f3 y agreg\u00f3: &#8220;En cada una de ellas se realizaron las denuncias correspondientes en la comisar\u00eda, la Polic\u00eda va y hace los peritajes, lleva las filmaciones, pero no tenemos respuestas&#8221;.<\/p>\n\n\n\n<p>&#8220;En esta \u00faltima oportunidad, forzaron una puerta que estaba soldada, rompieron la cerradura y se llevaron dos ventiladores&#8221;, se\u00f1al\u00f3 el docente.<\/p>\n\n\n\n<p>Al consultar acerca de que si se sospecha del autor de esta serie de hechos reiterativos a\u00f1adi\u00f3: &#8220;El delincuente est\u00e1 identificado en varias filmaciones de las c\u00e1maras de seguridad, creemos que se trata de la misma persona. La Polic\u00eda nos dice que se encuentran atados de pies y manos, por los tiempos burocr\u00e1ticos de la Justicia&#8221;.<\/p>\n\n\n\n<p>Con respecto a este ensa\u00f1amiento con el establecimiento, relat\u00f3 cronol\u00f3gicamente todos los atentados que sufri\u00f3 el inmueble: &#8220;En octubre fue el primer robo, donde se llevaron ollas y utensilios de cocina, en esa oportunidad, pudimos recuperar la olla. Luego, en las dem\u00e1s ocasiones fueron alrededor de cien l\u00e1mparas LED, ingresaron dos veces a la cantina y adem\u00e1s, los destrozos que nos dejaban cada vez que ingresaban, cerraduras forzadas, roturas de vidrios y hasta rompieron inodoros luego de llevarse las canillas de los sanitarios&#8221;.<\/p>\n\n\n\n<p>&#8220;Elevamos a la superioridad un informe sobre lo que ocurre. La gente del Ministerio de Educaci\u00f3n se acerc\u00f3 con el compromiso de reparar lo que nos rompieron, sobre todo, en la zona de los sanitarios&#8221;, sentenci\u00f3 Arcauz, totalmente indignado por la situaci\u00f3n que atraviesa el edificio educativo que se encuentra por calle V\u00e9lez Sarsfield y Coronel Pringles.<\/p>\n","protected":false},"excerpt":{"rendered":"<p>Nuevamente una instituci\u00f3n educativa fue blanco de la delincuencia, esta vez sustrajeron dos ventiladores de&#8230;<\/p>\n","protected":false},"author":1,"featured_media":0,"comment_status":"open","ping_status":"open","sticky":false,"template":"","format":"standard","meta":[],"categories":[1],"tags":[],"_links":{"self":[{"href":"https:\/\/neanoticias.com\/index.php\/wp-json\/wp\/v2\/posts\/1223"}],"collection":[{"href":"https:\/\/neanoticias.com\/index.php\/wp-json\/wp\/v2\/posts"}],"about":[{"href":"https:\/\/neanoticias.com\/index.php\/wp-json\/wp\/v2\/types\/post"}],"author":[{"embeddable":true,"href":"https:\/\/neanoticias.com\/index.php\/wp-json\/wp\/v2\/users\/1"}],"replies":[{"embeddable":true,"href":"https:\/\/neanoticias.com\/index.php\/wp-json\/wp\/v2\/comments?post=1223"}],"version-history":[{"count":1,"href":"https:\/\/neanoticias.com\/index.php\/wp-json\/wp\/v2\/posts\/1223\/revisions"}],"predecessor-version":[{"id":1225,"href":"https:\/\/neanoticias.com\/index.php\/wp-json\/wp\/v2\/posts\/1223\/revisions\/1225"}],"wp:attachment":[{"href":"https:\/\/neanoticias.com\/index.php\/wp-json\/wp\/v2\/media?parent=1223"}],"wp:term":[{"taxonomy":"category","embeddable":true,"href":"https:\/\/neanoticias.com\/index.php\/wp-json\/wp\/v2\/categories?post=1223"},{"taxonomy":"post_tag","embeddable":true,"href":"https:\/\/neanoticias.com\/index.php\/wp-json\/wp\/v2\/tags?post=1223"}],"curies":[{"name":"wp","href":"https:\/\/api.w.org\/{rel}","templated":true}]}}