{"id":1220,"date":"2024-01-19T11:14:10","date_gmt":"2024-01-19T11:14:10","guid":{"rendered":"https:\/\/neanoticias.com\/?p=1220"},"modified":"2024-01-19T11:14:11","modified_gmt":"2024-01-19T11:14:11","slug":"conductor-malherido-por-choque-y-fuga","status":"publish","type":"post","link":"https:\/\/neanoticias.com\/index.php\/2024\/01\/19\/conductor-malherido-por-choque-y-fuga\/","title":{"rendered":"CONDUCTOR MALHERIDO POR CHOQUE Y FUGA"},"content":{"rendered":"\n<figure class=\"wp-block-image size-full\"><img loading=\"lazy\" width=\"762\" height=\"533\" src=\"https:\/\/neanoticias.com\/wp-content\/uploads\/2024\/01\/1342697w762h533c.jpg.webp\" alt=\"\" class=\"wp-image-1221\" srcset=\"https:\/\/neanoticias.com\/wp-content\/uploads\/2024\/01\/1342697w762h533c.jpg.webp 762w, https:\/\/neanoticias.com\/wp-content\/uploads\/2024\/01\/1342697w762h533c.jpg-300x210.webp 300w\" sizes=\"(max-width: 762px) 100vw, 762px\" \/><\/figure>\n\n\n\n<p>Minutos despu\u00e9s de las 17, sobre avenida la Armenia de la capital provincial, se alert\u00f3 a trav\u00e9s del sistema de emergencias 911 de un siniestro vial entre dos motociclistas. Pero al llegar al lugar, solo encontraron a uno de los conductores malherido y tirado en la calzada. Quien habr\u00eda protagonizado el fuerte impacto &#8220;se fug\u00f3&#8221;, asegur\u00f3 un testigo ocasional a los uniformados.<\/p>\n\n\n\n<p>Dos motociclistas protagonizaron un grave siniestro vial sobre avenida Armenia al 3800 de esta ciudad. Fue en la tarde de ayer, cuando ocasionales transe\u00fantes observaron el fuerte impacto entre los rodados cuyos conductores cayeron pesadamente a la cinta asf\u00e1ltica.<\/p>\n\n\n\n<p>Uno de ellos ser\u00eda el causante del accidente, pero se levant\u00f3 por sus propios medios y decidi\u00f3 irse del lugar a pesar de los gritos de una mujer, quien dec\u00eda que deb\u00eda quedarse para ser atendido.<\/p>\n\n\n\n<p>&#8220;Sin mediar palabras, subi\u00f3 a su moto y se fue&#8221;, dijo un ocasional testigo.<\/p>\n\n\n\n<p>Quien qued\u00f3 malherido fue un joven a quien debieron trasladar en ambulancia hasta un centro de salud. Revest\u00eda lesiones de gravedad, seg\u00fan indicaron a este matutino.<\/p>\n\n\n\n<p>A la zona lleg\u00f3 personal de tr\u00e1nsito y de la comisar\u00eda de la jurisdicci\u00f3n.<\/p>\n","protected":false},"excerpt":{"rendered":"<p>Minutos despu\u00e9s de las 17, sobre avenida la Armenia de la capital provincial, se alert\u00f3&#8230;<\/p>\n","protected":false},"author":1,"featured_media":1221,"comment_status":"open","ping_status":"open","sticky":false,"template":"","format":"standard","meta":[],"categories":[1],"tags":[],"_links":{"self":[{"href":"https:\/\/neanoticias.com\/index.php\/wp-json\/wp\/v2\/posts\/1220"}],"collection":[{"href":"https:\/\/neanoticias.com\/index.php\/wp-json\/wp\/v2\/posts"}],"about":[{"href":"https:\/\/neanoticias.com\/index.php\/wp-json\/wp\/v2\/types\/post"}],"author":[{"embeddable":true,"href":"https:\/\/neanoticias.com\/index.php\/wp-json\/wp\/v2\/users\/1"}],"replies":[{"embeddable":true,"href":"https:\/\/neanoticias.com\/index.php\/wp-json\/wp\/v2\/comments?post=1220"}],"version-history":[{"count":1,"href":"https:\/\/neanoticias.com\/index.php\/wp-json\/wp\/v2\/posts\/1220\/revisions"}],"predecessor-version":[{"id":1222,"href":"https:\/\/neanoticias.com\/index.php\/wp-json\/wp\/v2\/posts\/1220\/revisions\/1222"}],"wp:featuredmedia":[{"embeddable":true,"href":"https:\/\/neanoticias.com\/index.php\/wp-json\/wp\/v2\/media\/1221"}],"wp:attachment":[{"href":"https:\/\/neanoticias.com\/index.php\/wp-json\/wp\/v2\/media?parent=1220"}],"wp:term":[{"taxonomy":"category","embeddable":true,"href":"https:\/\/neanoticias.com\/index.php\/wp-json\/wp\/v2\/categories?post=1220"},{"taxonomy":"post_tag","embeddable":true,"href":"https:\/\/neanoticias.com\/index.php\/wp-json\/wp\/v2\/tags?post=1220"}],"curies":[{"name":"wp","href":"https:\/\/api.w.org\/{rel}","templated":true}]}}