{"id":1211,"date":"2024-01-19T10:55:47","date_gmt":"2024-01-19T10:55:47","guid":{"rendered":"https:\/\/neanoticias.com\/?p=1211"},"modified":"2024-01-19T10:55:47","modified_gmt":"2024-01-19T10:55:47","slug":"heridos-tras-despiste-de-una-combi","status":"publish","type":"post","link":"https:\/\/neanoticias.com\/index.php\/2024\/01\/19\/heridos-tras-despiste-de-una-combi\/","title":{"rendered":"HERIDOS TRAS DESPISTE DE UNA COMBI"},"content":{"rendered":"\n<p>Tres hombres, tres mujeres, una ni\u00f1a y un beb\u00e9 fueron los que debieron recibir asistencia m\u00e9dica tras despistar el veh\u00edculo en el cual se desplazaban por la Ruta Nacional N\u00b014.<\/p>\n\n\n\n<figure class=\"wp-block-image size-full\"><img loading=\"lazy\" width=\"762\" height=\"575\" src=\"https:\/\/neanoticias.com\/wp-content\/uploads\/2024\/01\/1342700w762h575c.jpg.webp\" alt=\"\" class=\"wp-image-1212\" srcset=\"https:\/\/neanoticias.com\/wp-content\/uploads\/2024\/01\/1342700w762h575c.jpg.webp 762w, https:\/\/neanoticias.com\/wp-content\/uploads\/2024\/01\/1342700w762h575c.jpg-300x226.webp 300w\" sizes=\"(max-width: 762px) 100vw, 762px\" \/><\/figure>\n\n\n\n<p>Al lugar acudi\u00f3 una dotaci\u00f3n de Bomberos Voluntarios de la localidad correntina de Amado Bonpland, quienes lograron rescatar a los ocupantes.<\/p>\n\n\n\n<p>Datos aportados por la Polic\u00eda indicaron que revistieron heridas de consideraci\u00f3n, aunque &#8220;ninguno corre riesgo de vida&#8221;.<\/p>\n\n\n\n<p>En la zona llov\u00eda copiosamente al momento del despiste, por lo que se presume que pudo haber sido el causal del siniestro vial.<\/p>\n","protected":false},"excerpt":{"rendered":"<p>Tres hombres, tres mujeres, una ni\u00f1a y un beb\u00e9 fueron los que debieron recibir asistencia&#8230;<\/p>\n","protected":false},"author":1,"featured_media":1212,"comment_status":"open","ping_status":"open","sticky":false,"template":"","format":"standard","meta":[],"categories":[1],"tags":[],"_links":{"self":[{"href":"https:\/\/neanoticias.com\/index.php\/wp-json\/wp\/v2\/posts\/1211"}],"collection":[{"href":"https:\/\/neanoticias.com\/index.php\/wp-json\/wp\/v2\/posts"}],"about":[{"href":"https:\/\/neanoticias.com\/index.php\/wp-json\/wp\/v2\/types\/post"}],"author":[{"embeddable":true,"href":"https:\/\/neanoticias.com\/index.php\/wp-json\/wp\/v2\/users\/1"}],"replies":[{"embeddable":true,"href":"https:\/\/neanoticias.com\/index.php\/wp-json\/wp\/v2\/comments?post=1211"}],"version-history":[{"count":1,"href":"https:\/\/neanoticias.com\/index.php\/wp-json\/wp\/v2\/posts\/1211\/revisions"}],"predecessor-version":[{"id":1213,"href":"https:\/\/neanoticias.com\/index.php\/wp-json\/wp\/v2\/posts\/1211\/revisions\/1213"}],"wp:featuredmedia":[{"embeddable":true,"href":"https:\/\/neanoticias.com\/index.php\/wp-json\/wp\/v2\/media\/1212"}],"wp:attachment":[{"href":"https:\/\/neanoticias.com\/index.php\/wp-json\/wp\/v2\/media?parent=1211"}],"wp:term":[{"taxonomy":"category","embeddable":true,"href":"https:\/\/neanoticias.com\/index.php\/wp-json\/wp\/v2\/categories?post=1211"},{"taxonomy":"post_tag","embeddable":true,"href":"https:\/\/neanoticias.com\/index.php\/wp-json\/wp\/v2\/tags?post=1211"}],"curies":[{"name":"wp","href":"https:\/\/api.w.org\/{rel}","templated":true}]}}