{"id":1205,"date":"2024-01-19T10:51:30","date_gmt":"2024-01-19T10:51:30","guid":{"rendered":"https:\/\/neanoticias.com\/?p=1205"},"modified":"2024-01-19T10:51:31","modified_gmt":"2024-01-19T10:51:31","slug":"balazos-robo-y-fuga-en-pleno-centro-de-la-capital-correntina","status":"publish","type":"post","link":"https:\/\/neanoticias.com\/index.php\/2024\/01\/19\/balazos-robo-y-fuga-en-pleno-centro-de-la-capital-correntina\/","title":{"rendered":"BALAZOS, ROBO Y FUGA EN PLENO CENTRO DE LA CAPITAL CORRENTINA"},"content":{"rendered":"\n<p>Al menos tres hombres ingresaron a una vivienda con fines delictivos y redujeron a los due\u00f1os. Se presume que buscaban una importante suma de dinero. Se concretaron allanamientos, pero sin resultados positivos.<\/p>\n\n\n\n<figure class=\"wp-block-image size-full\"><img loading=\"lazy\" width=\"762\" height=\"514\" src=\"https:\/\/neanoticias.com\/wp-content\/uploads\/2024\/01\/1342688w762h514c.jpg.webp\" alt=\"\" class=\"wp-image-1206\" srcset=\"https:\/\/neanoticias.com\/wp-content\/uploads\/2024\/01\/1342688w762h514c.jpg.webp 762w, https:\/\/neanoticias.com\/wp-content\/uploads\/2024\/01\/1342688w762h514c.jpg-300x202.webp 300w\" sizes=\"(max-width: 762px) 100vw, 762px\" \/><\/figure>\n\n\n\n<p>Hubo disparos, gritos y robo en pleno centro de la capital correntina. Todo inici\u00f3 minutos despu\u00e9s de las 21 del mi\u00e9rcoles, por calle Moreno, entre San Juan y La Rioja. Vecinos se vieron sorprendidos al escuchar al menos tres detonaciones. Al cierre de esta edici\u00f3n, la Polic\u00eda concretaba allanamientos, aunque ninguno con resultados positivos. Se analizaban las c\u00e1maras de seguridad de la zona y se cree, por los datos que maneja la Fuerza, que los presuntos atacantes no ser\u00edan de esta ciudad.<\/p>\n\n\n\n<p>Hubo corridas y gritos. Fue poco despu\u00e9s de las 21, cuando en la zona c\u00e9ntrica a\u00fan hab\u00eda personas circulando a pie y otros en veh\u00edculo.<\/p>\n\n\n\n<p>&#8220;Varias personas entraron en la vivienda y tras reducir a los que estaban, bajo amenaza, huyeron&#8221;. Esos fueron los primeros datos aportados por la Polic\u00eda.<\/p>\n\n\n\n<p>Extraoficialmente, \u00e9poca supo que se trat\u00f3 del domicilio en el cual vive un empresario o al menos tiene una importante compa\u00f1\u00eda en la localidad correntina de Paso de los Libres.<\/p>\n\n\n\n<p>Los datos sobre c\u00f3mo ocurrieron los hechos y si se tratar\u00eda de delincuentes de la zona no fueron aportados por la Polic\u00eda, ya que guardan total hermetismo en el caso.<\/p>\n\n\n\n<p>&#8220;Se analizan c\u00e1maras de seguridad y se concretaron allanamientos sin dar con ning\u00fan detenido&#8221;, fueron las pocas declaraciones dadas por una fuente oficial.<\/p>\n\n\n\n<h2>Una entradera<\/h2>\n\n\n\n<p>Se presume, seg\u00fan se sabe por los datos de &#8220;transcendidos&#8221;, que los delincuentes ingresaron a la casa a punta de revolver y redujeron a los propietarios.<\/p>\n\n\n\n<p>Al parecer, buscaban un dinero importante y al no poder localizarlo escaparon con la camioneta de la familia y sustrajeron un tel\u00e9fono celular.<\/p>\n\n\n\n<p>Ese veh\u00edculo, una Toyota Rav 4, fue encontrado varias cuadras despu\u00e9s, por calle General Paz y con un disparo de arma de fuego en una de sus puertas laterales.<\/p>\n\n\n\n<p>Se supo despu\u00e9s que un integrante de la casa recibi\u00f3 un culatazo, aunque la lesi\u00f3n no ser\u00eda de gravedad.<\/p>\n\n\n\n<p>En tanto, el disparo pudo haber sido en el momento en que los malvivientes, que al menos ser\u00edan tres y todos mayores de edad, sacaban el rodado del garaje de la vivienda.<\/p>\n\n\n\n<p>&#8220;La Polic\u00eda est\u00e1 trabajando, como tambi\u00e9n las autoridades judiciales, para recabar mayores datos y dar a conocer a la sociedad lo ocurrido&#8221;, dijo una fuente judicial sobre el caso.<\/p>\n\n\n\n<p>A trav\u00e9s de las redes sociales, los vecinos reclaman esclarecimiento sobre el caso y esperan que la ciudad &#8220;no se vuelva insegura y violenta, como se ve en los barrios porte\u00f1os&#8221;.<\/p>\n\n\n\n<p>&#8220;Queremos saber qui\u00e9nes son y qu\u00e9 pas\u00f3 en realidad&#8221;, pidieron vecinos preocupados por el hecho.<\/p>\n\n\n\n<p>Afortunadamente, ninguno de los integrantes de la familia damnificada revisti\u00f3 heridas. Las diligencias contin\u00faan en la dependencia policial de la jurisdicci\u00f3n.<\/p>\n","protected":false},"excerpt":{"rendered":"<p>Al menos tres hombres ingresaron a una vivienda con fines delictivos y redujeron a los&#8230;<\/p>\n","protected":false},"author":1,"featured_media":1206,"comment_status":"open","ping_status":"open","sticky":false,"template":"","format":"standard","meta":[],"categories":[1],"tags":[],"_links":{"self":[{"href":"https:\/\/neanoticias.com\/index.php\/wp-json\/wp\/v2\/posts\/1205"}],"collection":[{"href":"https:\/\/neanoticias.com\/index.php\/wp-json\/wp\/v2\/posts"}],"about":[{"href":"https:\/\/neanoticias.com\/index.php\/wp-json\/wp\/v2\/types\/post"}],"author":[{"embeddable":true,"href":"https:\/\/neanoticias.com\/index.php\/wp-json\/wp\/v2\/users\/1"}],"replies":[{"embeddable":true,"href":"https:\/\/neanoticias.com\/index.php\/wp-json\/wp\/v2\/comments?post=1205"}],"version-history":[{"count":1,"href":"https:\/\/neanoticias.com\/index.php\/wp-json\/wp\/v2\/posts\/1205\/revisions"}],"predecessor-version":[{"id":1207,"href":"https:\/\/neanoticias.com\/index.php\/wp-json\/wp\/v2\/posts\/1205\/revisions\/1207"}],"wp:featuredmedia":[{"embeddable":true,"href":"https:\/\/neanoticias.com\/index.php\/wp-json\/wp\/v2\/media\/1206"}],"wp:attachment":[{"href":"https:\/\/neanoticias.com\/index.php\/wp-json\/wp\/v2\/media?parent=1205"}],"wp:term":[{"taxonomy":"category","embeddable":true,"href":"https:\/\/neanoticias.com\/index.php\/wp-json\/wp\/v2\/categories?post=1205"},{"taxonomy":"post_tag","embeddable":true,"href":"https:\/\/neanoticias.com\/index.php\/wp-json\/wp\/v2\/tags?post=1205"}],"curies":[{"name":"wp","href":"https:\/\/api.w.org\/{rel}","templated":true}]}}