{"id":1202,"date":"2024-01-19T10:50:12","date_gmt":"2024-01-19T10:50:12","guid":{"rendered":"https:\/\/neanoticias.com\/?p=1202"},"modified":"2024-01-19T10:50:13","modified_gmt":"2024-01-19T10:50:13","slug":"ladrones-ingresaron-a-robar-en-un-taller-de-motos-y-bicicletas","status":"publish","type":"post","link":"https:\/\/neanoticias.com\/index.php\/2024\/01\/19\/ladrones-ingresaron-a-robar-en-un-taller-de-motos-y-bicicletas\/","title":{"rendered":"LADRONES INGRESARON A ROBAR EN UN TALLER DE MOTOS Y BICICLETAS"},"content":{"rendered":"\n<p>Sucedi\u00f3 en el barrio Pirayu\u00ed, cuando el due\u00f1o del emprendimiento se dispon\u00eda a abrir el local y se encontr\u00f3 con la puerta violentada. Se llevaron una costosa bicicleta y un compresor de aire.<\/p>\n\n\n\n<figure class=\"wp-block-image size-full\"><img loading=\"lazy\" width=\"762\" height=\"525\" src=\"https:\/\/neanoticias.com\/wp-content\/uploads\/2024\/01\/1342691w762h525c.jpg.webp\" alt=\"\" class=\"wp-image-1203\" srcset=\"https:\/\/neanoticias.com\/wp-content\/uploads\/2024\/01\/1342691w762h525c.jpg.webp 762w, https:\/\/neanoticias.com\/wp-content\/uploads\/2024\/01\/1342691w762h525c.jpg-300x207.webp 300w\" sizes=\"(max-width: 762px) 100vw, 762px\" \/><\/figure>\n\n\n\n<p>Delincuentes irrumpieron en un peque\u00f1o taller de reparaci\u00f3n y servicio t\u00e9cnico de motos y bicicletas ubicadas sobre avenida Cuba y Tur\u00edn, en el barrio Pirayu\u00ed de la Capital de Corrientes. Forzaron la reja de contenci\u00f3n y sustrajeron un rodado y un compresor de aire que se utiliza para inflar neum\u00e1ticos.<\/p>\n\n\n\n<p>El propietario del emprendimiento, V\u00edctor C\u00e1ceres, quien a su vez alquila ese inmueble para poder dedicarse a la reparaci\u00f3n de rodados, dialog\u00f3 con \u00c9poca sobre sus sensaciones al respecto.<\/p>\n\n\n\n<p>&#8220;Es una ma\u00f1ana muy desoladora, la mano est\u00e1 muy dif\u00edcil y me encuentro con esto&#8221;, dijo y agreg\u00f3: &#8220;Alquilo hace un a\u00f1o este lugar, me alert\u00f3 la due\u00f1a del local lo que hab\u00eda pasado, estoy muy triste&#8221;.<\/p>\n\n\n\n<p>Con respecto a lo que le robaron los malvivientes coment\u00f3: &#8220;Me llevaron una bici marca SLP y un compresor de aire, por lo que veo a simple vista&#8221;. Se lament\u00f3 al decir que &#8220;la bici estaba lista para entregar y que est\u00e1 valuada en casi medio mill\u00f3n de pesos, en cuanto al compresor, es el pulm\u00f3n y el coraz\u00f3n del trabajo que realizo&#8221;.<\/p>\n\n\n\n<p>&#8220;Pas\u00e9 a la madrugada y no vi nada. Rompieron los dos candados y la puerta, parece que lo hicieron con una barreta&#8221;, a\u00f1adi\u00f3.<\/p>\n\n\n\n<p>C\u00e1ceres agreg\u00f3 que &#8220;la saqu\u00e9 barata porque tambi\u00e9n hab\u00edan dos motos que estaba listas para entregar, ahora voy a ir a hacer la denuncia y despu\u00e9s voy a hablar con el cliente de la bicicleta a ver qu\u00e9 me dice&#8221;.<\/p>\n\n\n\n<p>Al ser consultado sobre la situaci\u00f3n actual se explay\u00f3: &#8220;El d\u00eda a d\u00eda est\u00e1 muy complicado, uno se esfuerza todos los d\u00edas y encontrarte con esto te deja sin palabras, no s\u00e9 c\u00f3mo expresar lo que siento en estos momentos, estoy muy desorientado&#8221;.<\/p>\n\n\n\n<p>Cabe se\u00f1alar que el hecho ocurri\u00f3 en la jurisdicci\u00f3n de la seccional policial Decimotercera del barrio Pirayu\u00ed, donde ya estar\u00eda radicada la denuncia por parte del damnificado y a la espera de novedades.<\/p>\n","protected":false},"excerpt":{"rendered":"<p>Sucedi\u00f3 en el barrio Pirayu\u00ed, cuando el due\u00f1o del emprendimiento se dispon\u00eda a abrir el&#8230;<\/p>\n","protected":false},"author":1,"featured_media":1203,"comment_status":"open","ping_status":"open","sticky":false,"template":"","format":"standard","meta":[],"categories":[1],"tags":[],"_links":{"self":[{"href":"https:\/\/neanoticias.com\/index.php\/wp-json\/wp\/v2\/posts\/1202"}],"collection":[{"href":"https:\/\/neanoticias.com\/index.php\/wp-json\/wp\/v2\/posts"}],"about":[{"href":"https:\/\/neanoticias.com\/index.php\/wp-json\/wp\/v2\/types\/post"}],"author":[{"embeddable":true,"href":"https:\/\/neanoticias.com\/index.php\/wp-json\/wp\/v2\/users\/1"}],"replies":[{"embeddable":true,"href":"https:\/\/neanoticias.com\/index.php\/wp-json\/wp\/v2\/comments?post=1202"}],"version-history":[{"count":1,"href":"https:\/\/neanoticias.com\/index.php\/wp-json\/wp\/v2\/posts\/1202\/revisions"}],"predecessor-version":[{"id":1204,"href":"https:\/\/neanoticias.com\/index.php\/wp-json\/wp\/v2\/posts\/1202\/revisions\/1204"}],"wp:featuredmedia":[{"embeddable":true,"href":"https:\/\/neanoticias.com\/index.php\/wp-json\/wp\/v2\/media\/1203"}],"wp:attachment":[{"href":"https:\/\/neanoticias.com\/index.php\/wp-json\/wp\/v2\/media?parent=1202"}],"wp:term":[{"taxonomy":"category","embeddable":true,"href":"https:\/\/neanoticias.com\/index.php\/wp-json\/wp\/v2\/categories?post=1202"},{"taxonomy":"post_tag","embeddable":true,"href":"https:\/\/neanoticias.com\/index.php\/wp-json\/wp\/v2\/tags?post=1202"}],"curies":[{"name":"wp","href":"https:\/\/api.w.org\/{rel}","templated":true}]}}