{"id":1199,"date":"2024-01-19T10:47:03","date_gmt":"2024-01-19T10:47:03","guid":{"rendered":"https:\/\/neanoticias.com\/?p=1199"},"modified":"2024-01-19T10:47:05","modified_gmt":"2024-01-19T10:47:05","slug":"la-municipalidad-acredita-a-los-mediospara-la-cobertura-de-los-carnavales-barriales","status":"publish","type":"post","link":"https:\/\/neanoticias.com\/index.php\/2024\/01\/19\/la-municipalidad-acredita-a-los-mediospara-la-cobertura-de-los-carnavales-barriales\/","title":{"rendered":"LA MUNICIPALIDAD ACREDITA A LOS MEDIOS<br>PARA LA COBERTURA DE LOS CARNAVALES BARRIALES"},"content":{"rendered":"\n<p><em>La acreditaci\u00f3n a la edici\u00f3n 2024 de los Carnavales Barriales estar\u00e1 habilitada desde este mi\u00e9rcoles 10 al mi\u00e9rcoles 17 de enero. El cronograma de las noches de carnaval arranca el martes 23 de enero en el Ba\u00f1ado Norte y culmina el jueves 8 de febrero en la costanera Juan Pablo II.<\/em><\/p>\n\n\n\n<figure class=\"wp-block-image size-large\"><img loading=\"lazy\" width=\"1024\" height=\"682\" src=\"https:\/\/neanoticias.com\/wp-content\/uploads\/2024\/01\/461d688b-29a8-9123-5766-6d33241c3221-1024x682.jpeg\" alt=\"\" class=\"wp-image-1200\" srcset=\"https:\/\/neanoticias.com\/wp-content\/uploads\/2024\/01\/461d688b-29a8-9123-5766-6d33241c3221-1024x682.jpeg 1024w, https:\/\/neanoticias.com\/wp-content\/uploads\/2024\/01\/461d688b-29a8-9123-5766-6d33241c3221-300x200.jpeg 300w, https:\/\/neanoticias.com\/wp-content\/uploads\/2024\/01\/461d688b-29a8-9123-5766-6d33241c3221-768x512.jpeg 768w, https:\/\/neanoticias.com\/wp-content\/uploads\/2024\/01\/461d688b-29a8-9123-5766-6d33241c3221.jpeg 1280w\" sizes=\"(max-width: 1024px) 100vw, 1024px\" \/><\/figure>\n\n\n\n<p>La Municipalidad de Corrientes informa a los comunicadores sociales que deseen cubrir las noches de Carnavales Barriales que deber\u00e1n enviar sus datos al correo electr\u00f3nico:&nbsp;<a href=\"mailto:prensa@ciudaddecorrientes.gov.ar\" target=\"_blank\" rel=\"noreferrer noopener\">prensa@ciudaddecorrientes.gov.ar<\/a>&nbsp;para la correspondiente acreditaci\u00f3n. Tienen tiempo hasta el mi\u00e9rcoles 17 de enero.<\/p>\n\n\n\n<p>Tendr\u00e1n que detallar su nombre completo, medio al que pertenecen, DNI, un tel\u00e9fono de contacto y el correo al que desean recibir la notificaci\u00f3n de la acreditaci\u00f3n, al igual que el d\u00eda y hora que deber\u00e1 retirarse por la oficina de prensa de la Municipalidad. Para la cobertura, se les brindar\u00e1 un precinto para cada noche.<\/p>\n\n\n\n<p>La acreditaci\u00f3n permitir\u00e1 que el periodista, fot\u00f3grafo y\/o camar\u00f3grafo acceda a un espacio exclusivo para tomar im\u00e1genes del evento.<\/p>\n\n\n\n<p>Se acreditar\u00e1 hasta dos personas por medio de comunicaci\u00f3n, con un cupo de 30 lugares. Tendr\u00e1n prioridad quienes se hayan inscripto primero.<\/p>\n\n\n\n<p>CRONOGRAMA DE DESFILE<\/p>\n\n\n\n<p>Esta nueva edici\u00f3n contar\u00e1 con la participaci\u00f3n de 12 comparsas, cuatro agrupaciones musicales y siete agrupaciones humor\u00edsticas. La gran fiesta de los barrios se realizar\u00e1 durante seis noches: el martes 23, jueves 25 y martes 30 de enero; y jueves 1, martes 6 y jueves 8 de febrero.<\/p>\n\n\n\n<p>Recorrer\u00e1 los siguientes barrios, en ese orden: Ba\u00f1ado Norte, Industrial, 17 de Agosto, Mil Viviendas, P\u00edo X y culminar\u00e1 con el desfile en la Costanera \u201cJuan Pablo II\u201d.<\/p>\n","protected":false},"excerpt":{"rendered":"<p>La acreditaci\u00f3n a la edici\u00f3n 2024 de los Carnavales Barriales estar\u00e1 habilitada desde este mi\u00e9rcoles&#8230;<\/p>\n","protected":false},"author":1,"featured_media":1200,"comment_status":"open","ping_status":"open","sticky":false,"template":"","format":"standard","meta":[],"categories":[1],"tags":[],"_links":{"self":[{"href":"https:\/\/neanoticias.com\/index.php\/wp-json\/wp\/v2\/posts\/1199"}],"collection":[{"href":"https:\/\/neanoticias.com\/index.php\/wp-json\/wp\/v2\/posts"}],"about":[{"href":"https:\/\/neanoticias.com\/index.php\/wp-json\/wp\/v2\/types\/post"}],"author":[{"embeddable":true,"href":"https:\/\/neanoticias.com\/index.php\/wp-json\/wp\/v2\/users\/1"}],"replies":[{"embeddable":true,"href":"https:\/\/neanoticias.com\/index.php\/wp-json\/wp\/v2\/comments?post=1199"}],"version-history":[{"count":1,"href":"https:\/\/neanoticias.com\/index.php\/wp-json\/wp\/v2\/posts\/1199\/revisions"}],"predecessor-version":[{"id":1201,"href":"https:\/\/neanoticias.com\/index.php\/wp-json\/wp\/v2\/posts\/1199\/revisions\/1201"}],"wp:featuredmedia":[{"embeddable":true,"href":"https:\/\/neanoticias.com\/index.php\/wp-json\/wp\/v2\/media\/1200"}],"wp:attachment":[{"href":"https:\/\/neanoticias.com\/index.php\/wp-json\/wp\/v2\/media?parent=1199"}],"wp:term":[{"taxonomy":"category","embeddable":true,"href":"https:\/\/neanoticias.com\/index.php\/wp-json\/wp\/v2\/categories?post=1199"},{"taxonomy":"post_tag","embeddable":true,"href":"https:\/\/neanoticias.com\/index.php\/wp-json\/wp\/v2\/tags?post=1199"}],"curies":[{"name":"wp","href":"https:\/\/api.w.org\/{rel}","templated":true}]}}