{"id":1196,"date":"2024-01-19T10:45:57","date_gmt":"2024-01-19T10:45:57","guid":{"rendered":"https:\/\/neanoticias.com\/?p=1196"},"modified":"2024-01-19T10:45:58","modified_gmt":"2024-01-19T10:45:58","slug":"los-temporales-afectan-rutas-y-a-la-produccion-agropecuaria","status":"publish","type":"post","link":"https:\/\/neanoticias.com\/index.php\/2024\/01\/19\/los-temporales-afectan-rutas-y-a-la-produccion-agropecuaria\/","title":{"rendered":"LOS TEMPORALES AFECTAN RUTAS Y A LA PRODUCCI\u00d3N AGROPECUARIA"},"content":{"rendered":"\n<p>Campos anegados en la cuenca del r\u00edo Santa Luc\u00eda, caminos afectados en la zona de Santo Tom\u00e9 y alerta de nuevas precipitaciones preocupan a productores y funcionarios provinciales por la escalada de las lluvias como consecuencia de la llegada del fen\u00f3meno de El Ni\u00f1o.<\/p>\n\n\n\n<figure class=\"wp-block-image size-full\"><img loading=\"lazy\" width=\"762\" height=\"461\" src=\"https:\/\/neanoticias.com\/wp-content\/uploads\/2024\/01\/1342671w762h461c.jpg.webp\" alt=\"\" class=\"wp-image-1197\" srcset=\"https:\/\/neanoticias.com\/wp-content\/uploads\/2024\/01\/1342671w762h461c.jpg.webp 762w, https:\/\/neanoticias.com\/wp-content\/uploads\/2024\/01\/1342671w762h461c.jpg-300x181.webp 300w\" sizes=\"(max-width: 762px) 100vw, 762px\" \/><\/figure>\n\n\n\n<p>Las lluvias de las \u00faltimas semanas ponen en aprietos a productores agropecuarios al afectar m\u00e1s de 400.000 hect\u00e1reas, tambi\u00e9n exponen la falta de mantenimiento en rutas nacionales y provinciales sin pavimento, as\u00ed como los caminos vecinales, esenciales para sacar la producci\u00f3n. Tambi\u00e9n hay preocupaci\u00f3n por el anegamiento de chacras tabacaleras en la zona de Goya.<\/p>\n\n\n\n<p>Desde la Asociaci\u00f3n de Sociedades Rurales de Corrientes, se difundieron reclamos a trav\u00e9s de las redes sociales de la entidad y el interventor del Instituto Provincial del Tabaco, Alejandro Correa, lament\u00f3 que se cumplan los pron\u00f3sticos de lluvias y adelant\u00f3 que trabajan en &#8220;una evaluaci\u00f3n exhaustiva para brindar un informe de los da\u00f1os a la producci\u00f3n tabacalera&#8221;.<\/p>\n\n\n\n<p>Correa tambi\u00e9n destac\u00f3 que, adem\u00e1s del riesgo que sufren los cultivos de tabaco, &#8220;hay campos de agricultura y ganader\u00eda con p\u00e9rdidas luego de las intensas precipitaciones&#8221;.<\/p>\n\n\n\n<p>&#8220;La lluvia para nuestra zona en 2023, en \u00e9poca de plantaci\u00f3n de tabaco, noviembre por ejemplo, llovi\u00f3 aproximadamente 150 mm, en diciembre 430 a 440 mm; en los dos meses llovi\u00f3 casi 600 mil\u00edmetros. Es decir, que la mitad del r\u00e9gimen de todo el a\u00f1o llovi\u00f3 en pr\u00e1cticamente dos meses&#8221;, se\u00f1al\u00f3.<\/p>\n\n\n\n<p>El funcionario reconoci\u00f3 que las lluvias atenuaron el impacto de los tres a\u00f1os de sequ\u00edas anteriores, aclar\u00f3 que el anegamiento de campos fue la sequ\u00eda que ven\u00eda sufriendo la regi\u00f3n y el perfil de la tierra sirvi\u00f3 para la plantaci\u00f3n del tabaco, &#8220;que hasta ah\u00ed ven\u00eda soportando. En lo que va de enero hasta anoche (mi\u00e9rcoles), lleva llovido casi 380 mm, quiere decir que en los dos \u00faltimos meses del a\u00f1o pasado y este a\u00f1o lleva llovido m\u00e1s de 900 mm&#8221;.<\/p>\n\n\n\n<p>Esta conjunci\u00f3n hace que se sature el perfil de suelo, por lo cual los cultivos de tabaco est\u00e1n en una situaci\u00f3n preocupante. &#8220;El panorama es complicado, pero nosotros estamos llevando adelante la log\u00edstica y la evaluaci\u00f3n para tener datos m\u00e1s concretos sobre d\u00f3nde estamos parados&#8221;, indic\u00f3 Correa.<\/p>\n\n\n\n<h2>Caminos intransitables<\/h2>\n\n\n\n<p>Luego hizo una descripci\u00f3n cr\u00edtica por el anegamiento de los caminos rurales y da\u00f1o del entramado productivo, causando grandes problemas para circular entre los campos y los caminos que quedaron totalmente inundados. Producto de esta situaci\u00f3n, para no quedar aislados, vecinos y productores debieron atravesar el agua que qued\u00f3 acumulada.<\/p>\n\n\n\n<p>&#8220;Salvo los caminos enripiados, ese es un tema que ataja la producci\u00f3n, pero vamos a ver la pr\u00f3xima semana, que no dan pron\u00f3sticos de lluvia en exceso, es decir que tenemos unos d\u00edas sin lluvias y esperamos que empiece a escurrir el agua en superficie&#8221;, indic\u00f3.<\/p>\n\n\n\n<p>El funcionario pidi\u00f3 ser cauto en cuanto a brindar un informe definitivo y prefiere esperar una evaluaci\u00f3n m\u00e1s exhaustiva. Lo que s\u00ed asegur\u00f3 es que &#8220;la situaci\u00f3n de la producci\u00f3n tabacalera es preocupante por m\u00e1s que el agua se vaya, las lagunas est\u00e1n desbordadas, los campos con anegamiento y todo va a tener que ser considerado&#8221;.<\/p>\n\n\n\n<h2>Ruralistas<\/h2>\n\n\n\n<p>&#8220;Hace muchos a\u00f1os que venimos advirtiendo a los distintos gobiernos sobre el mal estado de las rutas provinciales y caminos rurales&#8221;, reza el texto que sobreimprimieron sobre el video de un camino anegado en la zona del r\u00edo Santa Luc\u00eda y el impacto de la creciente en toda la cuenca productiva de la microrregi\u00f3n que comprende Goya, Lavalle, Santa Luc\u00eda y otras localidades de la zona.<\/p>\n\n\n\n<p>Agregaron al reclamo sobre la falta de mantenimiento, que esta &#8220;no solo afecta a los productores, tambi\u00e9n a parajes y destinos tur\u00edsticos. Resulta inviable seguir produciendo en estas condiciones&#8221;.<\/p>\n\n\n\n<h2>Lluvias excesivas<\/h2>\n\n\n\n<p>&#8220;En lo que va del verano, la provincia de Corrientes ha recibido intensas precipitaciones&#8221;, revelaron desde la Oficina de Riesgo Agropecuario (ORA).<\/p>\n\n\n\n<p>En su informe detallaron que para comprender la magnitud de las lluvias acumuladas en diciembre 2023 y lo que va de enero 2024, debe tenerse en cuenta que los valores promedio en la provincia de Corrientes son de aproximadamente 170 a 220 mil\u00edmetros en diciembre y de 100 a 150 mil\u00edmetros en enero (mes completo).<\/p>\n\n\n\n<p>La ORA publica la evoluci\u00f3n de la precipitaci\u00f3n mensual en localidades argentinas que disponen de una serie hist\u00f3rica (http:\/\/www.ora.gob.ar\/pp_t.php).<\/p>\n\n\n\n<p>Explicaron que las precipitaciones de las \u00faltimas semanas sobrepasan las estad\u00edsticas hist\u00f3ricas. Para cada mes, se\u00f1alan que en la mitad de los casos se registraron acumulados mensuales por debajo de los mismos. En el caso de Mercedes (SMN), se puede ver que en diciembre se triplic\u00f3 el valor de la mediana comparada en el paso del tiempo. Tambi\u00e9n en enero, solo en la primera quincena, se triplic\u00f3 la mediana del mes completo.<\/p>\n\n\n\n<p>Indicaron que los an\u00e1lisis de la evoluci\u00f3n de las precipitaciones a trav\u00e9s de im\u00e1genes satelitales exhiben la detecci\u00f3n de \u00e1reas potencialmente inundadas en la provincia de Corrientes, que suman unas 416.000 hect\u00e1reas para el 14 de enero.<\/p>\n\n\n\n<p>Vale consignar que entre esa fecha y este jueves 18 de enero hubo nuevas lluvias sobre distintos puntos de la provincia y los pron\u00f3sticos de los pr\u00f3ximos d\u00edas se mantienen en alerta de nuevos temporales que podr\u00edan agravar la situaci\u00f3n de los productores de toda la regi\u00f3n, por lo que representantes ruralistas insisten en la b\u00fasqueda de soluciones.<\/p>\n","protected":false},"excerpt":{"rendered":"<p>Campos anegados en la cuenca del r\u00edo Santa Luc\u00eda, caminos afectados en la zona de&#8230;<\/p>\n","protected":false},"author":1,"featured_media":1197,"comment_status":"open","ping_status":"open","sticky":false,"template":"","format":"standard","meta":[],"categories":[1],"tags":[],"_links":{"self":[{"href":"https:\/\/neanoticias.com\/index.php\/wp-json\/wp\/v2\/posts\/1196"}],"collection":[{"href":"https:\/\/neanoticias.com\/index.php\/wp-json\/wp\/v2\/posts"}],"about":[{"href":"https:\/\/neanoticias.com\/index.php\/wp-json\/wp\/v2\/types\/post"}],"author":[{"embeddable":true,"href":"https:\/\/neanoticias.com\/index.php\/wp-json\/wp\/v2\/users\/1"}],"replies":[{"embeddable":true,"href":"https:\/\/neanoticias.com\/index.php\/wp-json\/wp\/v2\/comments?post=1196"}],"version-history":[{"count":1,"href":"https:\/\/neanoticias.com\/index.php\/wp-json\/wp\/v2\/posts\/1196\/revisions"}],"predecessor-version":[{"id":1198,"href":"https:\/\/neanoticias.com\/index.php\/wp-json\/wp\/v2\/posts\/1196\/revisions\/1198"}],"wp:featuredmedia":[{"embeddable":true,"href":"https:\/\/neanoticias.com\/index.php\/wp-json\/wp\/v2\/media\/1197"}],"wp:attachment":[{"href":"https:\/\/neanoticias.com\/index.php\/wp-json\/wp\/v2\/media?parent=1196"}],"wp:term":[{"taxonomy":"category","embeddable":true,"href":"https:\/\/neanoticias.com\/index.php\/wp-json\/wp\/v2\/categories?post=1196"},{"taxonomy":"post_tag","embeddable":true,"href":"https:\/\/neanoticias.com\/index.php\/wp-json\/wp\/v2\/tags?post=1196"}],"curies":[{"name":"wp","href":"https:\/\/api.w.org\/{rel}","templated":true}]}}