{"id":1193,"date":"2024-01-19T10:44:44","date_gmt":"2024-01-19T10:44:44","guid":{"rendered":"https:\/\/neanoticias.com\/?p=1193"},"modified":"2024-01-19T10:44:44","modified_gmt":"2024-01-19T10:44:44","slug":"joven-apunalado-murio-luego-de-dias-de-agonia","status":"publish","type":"post","link":"https:\/\/neanoticias.com\/index.php\/2024\/01\/19\/joven-apunalado-murio-luego-de-dias-de-agonia\/","title":{"rendered":"JOVEN APU\u00d1ALADO MURI\u00d3 LUEGO DE D\u00cdAS DE AGON\u00cdA"},"content":{"rendered":"\n<p>El enfrentamiento con otro muchacho se dio en la localidad de Gobernador Virasoro, durante un festejo por A\u00f1o Nuevo. El presunto autor est\u00e1 detenido.<\/p>\n\n\n\n<figure class=\"wp-block-image size-full\"><img loading=\"lazy\" width=\"762\" height=\"440\" src=\"https:\/\/neanoticias.com\/wp-content\/uploads\/2024\/01\/1342698w762h440c.jpg.webp\" alt=\"\" class=\"wp-image-1194\" srcset=\"https:\/\/neanoticias.com\/wp-content\/uploads\/2024\/01\/1342698w762h440c.jpg.webp 762w, https:\/\/neanoticias.com\/wp-content\/uploads\/2024\/01\/1342698w762h440c.jpg-300x173.webp 300w\" sizes=\"(max-width: 762px) 100vw, 762px\" \/><\/figure>\n\n\n\n<p>Tras 18 d\u00edas de agon\u00eda muri\u00f3 el adolescente que el pasado 1 de enero estuvo involucrado en una ri\u00f1a callejera tras los festejos de fin de a\u00f1o en la localidad correntina de Gobernador Virasoro.<\/p>\n\n\n\n<p>Vale recordar que el chico identificado como Agust\u00edn M., de 17 a\u00f1os, se trenz\u00f3 a golpes contra otro muchacho con quien ten\u00eda diferencias de vieja data, en la madrugada del 1 de enero, en el ingreso al barrio Esperanza de ese poblado.<\/p>\n\n\n\n<p>Como consecuencia de la trifulca, Agust\u00edn recibi\u00f3 varios puntazos, algunos de ellos en ambas piernas, lo que le ocasion\u00f3 una p\u00e9rdida importante de sangre, por lo que fue trasladado en grav\u00edsimo estado al hospital local y luego de unas horas de estabilizarlo, fue derivado a la capital correntina.<\/p>\n\n\n\n<p>En el momento en que realizaban el traslado al Hospital Escuela, lograron demorar al presunto autor de las pu\u00f1aladas, otro joven de 18 a\u00f1os.<\/p>\n\n\n\n<p>Ayer se conoci\u00f3 la triste noticia del fallecimiento de Agust\u00edn, por lo que el joven demorado fue informado de su causa, ahora por &#8220;homicidio calificado&#8221;.<\/p>\n\n\n\n<h2>Otro caso<\/h2>\n\n\n\n<p>Vale recordar que en el poblado virasore\u00f1o se registraron varios incidentes graves el primer d\u00eda del a\u00f1o en curso. En la oportunidad, se inform\u00f3 de otro joven apu\u00f1alado, hecho sucedido en la intersecci\u00f3n de Circunvalaci\u00f3n Norte y Remedios de Escalada. All\u00ed tambi\u00e9n, a causa de una ri\u00f1a, un muchacho de 20 a\u00f1os, de apellido Gauto, result\u00f3 con una herida compatible con un arma blanca en la zona del abdomen.<\/p>\n\n\n\n<p>Fue llevado de urgencia al hospital de Virasoro y luego, por la complejidad de sus heridas, los derivaron al hospital de Santo Tom\u00e9 en el que, al cierre de esta edici\u00f3n, continuaba internado.<\/p>\n","protected":false},"excerpt":{"rendered":"<p>El enfrentamiento con otro muchacho se dio en la localidad de Gobernador Virasoro, durante un&#8230;<\/p>\n","protected":false},"author":1,"featured_media":1194,"comment_status":"open","ping_status":"open","sticky":false,"template":"","format":"standard","meta":[],"categories":[1],"tags":[],"_links":{"self":[{"href":"https:\/\/neanoticias.com\/index.php\/wp-json\/wp\/v2\/posts\/1193"}],"collection":[{"href":"https:\/\/neanoticias.com\/index.php\/wp-json\/wp\/v2\/posts"}],"about":[{"href":"https:\/\/neanoticias.com\/index.php\/wp-json\/wp\/v2\/types\/post"}],"author":[{"embeddable":true,"href":"https:\/\/neanoticias.com\/index.php\/wp-json\/wp\/v2\/users\/1"}],"replies":[{"embeddable":true,"href":"https:\/\/neanoticias.com\/index.php\/wp-json\/wp\/v2\/comments?post=1193"}],"version-history":[{"count":1,"href":"https:\/\/neanoticias.com\/index.php\/wp-json\/wp\/v2\/posts\/1193\/revisions"}],"predecessor-version":[{"id":1195,"href":"https:\/\/neanoticias.com\/index.php\/wp-json\/wp\/v2\/posts\/1193\/revisions\/1195"}],"wp:featuredmedia":[{"embeddable":true,"href":"https:\/\/neanoticias.com\/index.php\/wp-json\/wp\/v2\/media\/1194"}],"wp:attachment":[{"href":"https:\/\/neanoticias.com\/index.php\/wp-json\/wp\/v2\/media?parent=1193"}],"wp:term":[{"taxonomy":"category","embeddable":true,"href":"https:\/\/neanoticias.com\/index.php\/wp-json\/wp\/v2\/categories?post=1193"},{"taxonomy":"post_tag","embeddable":true,"href":"https:\/\/neanoticias.com\/index.php\/wp-json\/wp\/v2\/tags?post=1193"}],"curies":[{"name":"wp","href":"https:\/\/api.w.org\/{rel}","templated":true}]}}