{"id":1187,"date":"2024-01-19T10:37:48","date_gmt":"2024-01-19T10:37:48","guid":{"rendered":"https:\/\/neanoticias.com\/?p=1187"},"modified":"2024-01-19T10:37:49","modified_gmt":"2024-01-19T10:37:49","slug":"ley-omnibus-negociacion-a-contra-reloj-y-pedido-radical-de-mas-tiempo","status":"publish","type":"post","link":"https:\/\/neanoticias.com\/index.php\/2024\/01\/19\/ley-omnibus-negociacion-a-contra-reloj-y-pedido-radical-de-mas-tiempo\/","title":{"rendered":"LEY \u00d3MNIBUS: NEGOCIACI\u00d3N A CONTRA RELOJ Y PEDIDO RADICAL DE M\u00c1S TIEMPO"},"content":{"rendered":"\n<p>Los gobernadores de JXC, con Vald\u00e9s entre sus filas, siguen deliberando con mayor intensidad. Mientras, funcionarios del gobierno de Milei acercaron posiciones con el PRO. Parte del bloque de la UCR, entre ellos el correntino Aguirre, pidi\u00f3 llevar las extraordinarias al 29 de febrero.<\/p>\n\n\n\n<figure class=\"wp-block-image size-full\"><img loading=\"lazy\" width=\"762\" height=\"437\" src=\"https:\/\/neanoticias.com\/wp-content\/uploads\/2024\/01\/1342666w762h437c.jpg.webp\" alt=\"\" class=\"wp-image-1188\" srcset=\"https:\/\/neanoticias.com\/wp-content\/uploads\/2024\/01\/1342666w762h437c.jpg.webp 762w, https:\/\/neanoticias.com\/wp-content\/uploads\/2024\/01\/1342666w762h437c.jpg-300x172.webp 300w\" sizes=\"(max-width: 762px) 100vw, 762px\" \/><\/figure>\n\n\n\n<p>Con una sesi\u00f3n que asoma ya para la semana que viene, se intensifican las negociaciones por el avance de la denominada Ley \u00d3mnibus que ya se convirti\u00f3 en vital para el gobierno de Javier Milei. Por eso, ayer el ministro del Interior, Guillermo Francos; el estratega Santiago Caputo, y el presidente de la C\u00e1mara de Diputados, Mart\u00edn Menem, se reunieron con Cristian Ritondo y Mar\u00eda Eugenia Vidal para acercar posiciones con el PRO. Aunque todav\u00eda falta sumar a la UCR y Hacemos Coalici\u00f3n Federal.<\/p>\n\n\n\n<p>En paralelo, siguen con reuniones virtuales y presenciales la liga de gobernadores de Juntos por el Cambio (JXC), en cuya fila reviste el mandatario correntino, Gustavo Vald\u00e9s. Este sector es clave en la negociaci\u00f3n, sobre todo en materia de compensaciones para las provincias atadas al apoyo de sus diputados al megaproyecto del gobierno con decenas de leyes por cambiar y derogar.<\/p>\n\n\n\n<p>A todo esto, ayer se sum\u00f3 una solicitud que hizo p\u00fablica un sector del bloque de diputados nacional de la Uni\u00f3n C\u00edvica Radical (UCR), entre los que se encuentra el correntino Manuel Aguirre. En concreto, el sector present\u00f3 un pedido formal en la C\u00e1mara baja para extender el per\u00edodo de sesiones extraordinarias hasta el 29 de febrero &#8220;para posibilitar del debate democr\u00e1tico y republicano de las iniciativas de cambio que la hora exige&#8221;, fundamentaron, mientras contin\u00faa en el Congreso el tratamiento de la ley de &#8220;Bases y Puntos de Partida para la Libertad de los Argentinos&#8221;.<\/p>\n\n\n\n<p>&#8220;El objetivo de esta petici\u00f3n es permitir la continuidad de la labor de discusi\u00f3n y debate en la C\u00e1mara de Diputados de la Naci\u00f3n, asegurando as\u00ed el adecuado tratamiento de importantes iniciativas legislativas&#8221;, expresaron en el documento.<\/p>\n\n\n\n<p>El diputado correntino Aguirre enfatiz\u00f3 la oportunidad de revertir las malas pr\u00e1cticas y abordar los cambios necesarios para el pa\u00eds en el \u00e1mbito republicano del Congreso Nacional. Adem\u00e1s, resalt\u00f3 la importancia de la continuidad de las sesiones para integrar plenamente todas las comisiones, lo cual es fundamental para el desarrollo efectivo del trabajo legislativo. &#8220;Estamos dispuestos a continuar el debate en enero, febrero, marzo y durante todo el a\u00f1o&#8221;, asegur\u00f3 Aguirre.<\/p>\n","protected":false},"excerpt":{"rendered":"<p>Los gobernadores de JXC, con Vald\u00e9s entre sus filas, siguen deliberando con mayor intensidad. Mientras,&#8230;<\/p>\n","protected":false},"author":1,"featured_media":1188,"comment_status":"open","ping_status":"open","sticky":false,"template":"","format":"standard","meta":[],"categories":[1],"tags":[],"_links":{"self":[{"href":"https:\/\/neanoticias.com\/index.php\/wp-json\/wp\/v2\/posts\/1187"}],"collection":[{"href":"https:\/\/neanoticias.com\/index.php\/wp-json\/wp\/v2\/posts"}],"about":[{"href":"https:\/\/neanoticias.com\/index.php\/wp-json\/wp\/v2\/types\/post"}],"author":[{"embeddable":true,"href":"https:\/\/neanoticias.com\/index.php\/wp-json\/wp\/v2\/users\/1"}],"replies":[{"embeddable":true,"href":"https:\/\/neanoticias.com\/index.php\/wp-json\/wp\/v2\/comments?post=1187"}],"version-history":[{"count":1,"href":"https:\/\/neanoticias.com\/index.php\/wp-json\/wp\/v2\/posts\/1187\/revisions"}],"predecessor-version":[{"id":1189,"href":"https:\/\/neanoticias.com\/index.php\/wp-json\/wp\/v2\/posts\/1187\/revisions\/1189"}],"wp:featuredmedia":[{"embeddable":true,"href":"https:\/\/neanoticias.com\/index.php\/wp-json\/wp\/v2\/media\/1188"}],"wp:attachment":[{"href":"https:\/\/neanoticias.com\/index.php\/wp-json\/wp\/v2\/media?parent=1187"}],"wp:term":[{"taxonomy":"category","embeddable":true,"href":"https:\/\/neanoticias.com\/index.php\/wp-json\/wp\/v2\/categories?post=1187"},{"taxonomy":"post_tag","embeddable":true,"href":"https:\/\/neanoticias.com\/index.php\/wp-json\/wp\/v2\/tags?post=1187"}],"curies":[{"name":"wp","href":"https:\/\/api.w.org\/{rel}","templated":true}]}}