{"id":1184,"date":"2024-01-19T10:34:22","date_gmt":"2024-01-19T10:34:22","guid":{"rendered":"https:\/\/neanoticias.com\/?p=1184"},"modified":"2024-01-19T10:34:23","modified_gmt":"2024-01-19T10:34:23","slug":"dengue-se-atendieron-mas-de-100-casos-en-un-solo-dia","status":"publish","type":"post","link":"https:\/\/neanoticias.com\/index.php\/2024\/01\/19\/dengue-se-atendieron-mas-de-100-casos-en-un-solo-dia\/","title":{"rendered":"DENGUE: SE ATENDIERON M\u00c1S DE 100 CASOS EN UN SOLO D\u00cdA"},"content":{"rendered":"\n<p>Lo confirm\u00f3 el subsecretario Coordinador de Pol\u00edticas Sanitarias del Ministerio de Salud, Alfredo Revidatti, en contacto radial. Detall\u00f3 que las localidades m\u00e1s afectadas actualmente son Santo Tom\u00e9, Gobernador Virasoro y Capital.<\/p>\n\n\n\n<figure class=\"wp-block-image size-full\"><img loading=\"lazy\" width=\"762\" height=\"472\" src=\"https:\/\/neanoticias.com\/wp-content\/uploads\/2024\/01\/1342675w762h472c.jpg.webp\" alt=\"\" class=\"wp-image-1185\" srcset=\"https:\/\/neanoticias.com\/wp-content\/uploads\/2024\/01\/1342675w762h472c.jpg.webp 762w, https:\/\/neanoticias.com\/wp-content\/uploads\/2024\/01\/1342675w762h472c.jpg-300x186.webp 300w\" sizes=\"(max-width: 762px) 100vw, 762px\" \/><\/figure>\n\n\n\n<p>Los casos de dengue se siguen sucediendo con mayor frecuencia en la provincia de Corrientes, esto puso en alerta a las autoridades sanitarias que reciben d\u00eda tras d\u00eda a personas que cursan la enfermedad.<\/p>\n\n\n\n<p>El subsecretario coordinador de Pol\u00edticas Sanitarias del Ministerio de Salud, Alfredo Revidatti, dialog\u00f3 con Radio Dos al respecto de la proliferaci\u00f3n de casos, que aumentaron de manera alarmante en nuestro territorio provincial. &#8220;Estamos en pleno brote de dengue en el pa\u00eds, sobre todo en la regi\u00f3n, y los pa\u00edses lim\u00edtrofes que tambi\u00e9n est\u00e1n con mucha cantidad de casos&#8221;, expres\u00f3.<\/p>\n\n\n\n<p>En lo que se refiere a nuestra provincia, Revidatti detall\u00f3 que &#8220;San Luis del Palmar estuvo hace dos semanas con alrededor de 18 o 20 casos por d\u00eda de dengue. El Intendente trabaj\u00f3 mucho con toda la gente, se concientiz\u00f3, porque no es el tema de la fumigaci\u00f3n, sino que la gente trabaje y limpie sus espacios adentro, saque el agua. Por suerte empezaron a bajar abruptamente la cantidad de casos&#8221;, detall\u00f3 sobre la situaci\u00f3n de San Luis del Palmar donde adem\u00e1s murieron personas que ten\u00edan patolog\u00edas previas.<\/p>\n\n\n\n<p>El subsecretario coordinador marc\u00f3 las localidades que actualmente est\u00e1n con mayor n\u00famero de enfermos: &#8220;Ahora estamos con m\u00e1s casos en Santo Tom\u00e9 y Virasoro, ac\u00e1 en la capital se atendieron m\u00e1s de 100 casos de personas con dengue, de los que fueron a consultar, porque despu\u00e9s tenemos casos de gente que no consulta&#8221;.<\/p>\n\n\n\n<p>Revidatti reconoci\u00f3 que en muchos de los casos, los m\u00e9dicos viendo los s\u00edntomas, ya diagnostican la enfermedad sin necesidad de que se realicen el test. &#8220;No se le hace a todos el test de dengue, porque es un diagn\u00f3stico cl\u00ednico, lo hace el m\u00e9dico nada m\u00e1s que con el interrogatorio, vi\u00e9ndolo al paciente, y con eso ya est\u00e1. El cuadro cl\u00ednico es tan florido que empieza con fiebre de 39 o 40 grados, con mucho dolor muscular, y en un lugar donde hay un brote de dengue no tenemos mucho para pensar&#8221;.<\/p>\n\n\n\n<p>El m\u00e9dico tambi\u00e9n dej\u00f3 un p\u00e1rrafo aparte sobre la fumigaci\u00f3n: &#8220;No es una cosa que sea de un porcentaje de utilidad muy grande, lo que s\u00ed sirve es que la gente revise el fondo de su casa, saque los lugares donde hay agua, que ah\u00ed est\u00e1 la larva, limpie todo, tenga las cosas con lavandina, matar la larva, o sea, combatir el mosquito directamente&#8221;.<\/p>\n\n\n\n<h2>Salud llam\u00f3 a eliminar criaderos de mosquitos<\/h2>\n\n\n\n<p>El ministro de Salud P\u00fablica de la Provincia, Ricardo Cardozo, encabez\u00f3 una reuni\u00f3n con parte de su gabinete en la que se analiz\u00f3 la situaci\u00f3n epidemiol\u00f3gica por dengue y las acciones que est\u00e1 llevando adelante la cartera sanitaria. El Ministro llam\u00f3 a la comunidad a eliminar los criaderos de mosquitos de los hogares y la estrategia de prevenci\u00f3n. &#8220;La clave est\u00e1 en las casas de los correntinos. El mosquito no se cr\u00eda en las zanjas, sino en las casas. Por eso, es importante erradicar los recipientes en desuso que puedan contener agua, limpiar los floreros y usar repelente, evitar pastizales y ante s\u00edntomas, concurrir a la consulta m\u00e9dica&#8221;, dijo Cardozo.<\/p>\n\n\n\n<p>&#8220;El clima es una variable que se ha sumado en este ciclo epid\u00e9mico, ya que se conjugan estos dos factores que facilitan la reproducci\u00f3n del vector que son las lluvias y las temperaturas altas y por eso es sumamente importante la prevenci\u00f3n&#8221;, remarc\u00f3, a la vez que explic\u00f3 que la fumigaci\u00f3n solo est\u00e1 indicada para bloquear casos positivos y reiter\u00f3 que el &#8220;secreto est\u00e1 en la responsabilidad del vecino con el ordenamiento ambiental, es decir, con la eliminaci\u00f3n de los criaderos de mosquitos en sus hogares&#8221;.<\/p>\n\n\n\n<p>Por otra parte, dijo que se est\u00e1n haciendo las gestiones pertinentes ante el Gobierno nacional por la vacuna para combatir el dengue.<\/p>\n\n\n\n<p>Por su parte, la directora general de Epidemiolog\u00eda, Angelina Bobadilla, indic\u00f3: &#8220;Estamos en una situaci\u00f3n de alerta nacional, con brote en el NEA y NOA y Corrientes, cursando este ciclo de dengue 2023-2024 con casos en algunas localidades, pero centrado en la capital&#8221;.<\/p>\n\n\n\n<p>Al igual que el Ministro, remarc\u00f3: &#8220;Despu\u00e9s de cada lluvia hay que intensificar las medidas de prevenci\u00f3n en los hogares y eliminar los criaderos. El mosquito puede picar en cualquier horario, pero tiene predominio durante la ma\u00f1ana y las ultimas horas del d\u00eda&#8221;.<\/p>\n\n\n\n<p>As\u00ed, afirm\u00f3 que cada vez que se detecta un caso y se procede al bloqueo vectorial, los hogares donde se diagnostic\u00f3 &#8220;est\u00e1n llenos de criaderos. Es importante reforzar ese compromiso: hay que eliminar los criaderos y evitar as\u00ed que se reproduzca el mosquito&#8221;. Dijo que los s\u00edntomas son: &#8220;Fiebre alta, dolor de cabeza, dolor retro ocular, dolores musculares y en algunos casos, s\u00edntomas digestivos&#8221;.<\/p>\n","protected":false},"excerpt":{"rendered":"<p>Lo confirm\u00f3 el subsecretario Coordinador de Pol\u00edticas Sanitarias del Ministerio de Salud, Alfredo Revidatti, en&#8230;<\/p>\n","protected":false},"author":1,"featured_media":1185,"comment_status":"open","ping_status":"open","sticky":false,"template":"","format":"standard","meta":[],"categories":[1],"tags":[],"_links":{"self":[{"href":"https:\/\/neanoticias.com\/index.php\/wp-json\/wp\/v2\/posts\/1184"}],"collection":[{"href":"https:\/\/neanoticias.com\/index.php\/wp-json\/wp\/v2\/posts"}],"about":[{"href":"https:\/\/neanoticias.com\/index.php\/wp-json\/wp\/v2\/types\/post"}],"author":[{"embeddable":true,"href":"https:\/\/neanoticias.com\/index.php\/wp-json\/wp\/v2\/users\/1"}],"replies":[{"embeddable":true,"href":"https:\/\/neanoticias.com\/index.php\/wp-json\/wp\/v2\/comments?post=1184"}],"version-history":[{"count":1,"href":"https:\/\/neanoticias.com\/index.php\/wp-json\/wp\/v2\/posts\/1184\/revisions"}],"predecessor-version":[{"id":1186,"href":"https:\/\/neanoticias.com\/index.php\/wp-json\/wp\/v2\/posts\/1184\/revisions\/1186"}],"wp:featuredmedia":[{"embeddable":true,"href":"https:\/\/neanoticias.com\/index.php\/wp-json\/wp\/v2\/media\/1185"}],"wp:attachment":[{"href":"https:\/\/neanoticias.com\/index.php\/wp-json\/wp\/v2\/media?parent=1184"}],"wp:term":[{"taxonomy":"category","embeddable":true,"href":"https:\/\/neanoticias.com\/index.php\/wp-json\/wp\/v2\/categories?post=1184"},{"taxonomy":"post_tag","embeddable":true,"href":"https:\/\/neanoticias.com\/index.php\/wp-json\/wp\/v2\/tags?post=1184"}],"curies":[{"name":"wp","href":"https:\/\/api.w.org\/{rel}","templated":true}]}}