{"id":1174,"date":"2023-12-26T12:25:04","date_gmt":"2023-12-26T12:25:04","guid":{"rendered":"https:\/\/neanoticias.com\/?p=1174"},"modified":"2023-12-26T12:25:04","modified_gmt":"2023-12-26T12:25:04","slug":"protagonizaron-disturbios-en-la-via-publica-y-terminaron-demorados","status":"publish","type":"post","link":"https:\/\/neanoticias.com\/index.php\/2023\/12\/26\/protagonizaron-disturbios-en-la-via-publica-y-terminaron-demorados\/","title":{"rendered":"PROTAGONIZARON DISTURBIOS EN LA V\u00cdA P\u00daBLICA Y TERMINARON DEMORADOS"},"content":{"rendered":"\n<p>En la ma\u00f1ana del 25 de diciembre, efectivos policiales visibilizaron a dos sujetos enfrent\u00e1ndose a golpes de pu\u00f1o en inmediaciones al campus &#8220;Deodoro Roca&#8221;.<\/p>\n\n\n\n<figure class=\"wp-block-image size-full\"><img loading=\"lazy\" width=\"762\" height=\"886\" src=\"https:\/\/neanoticias.com\/wp-content\/uploads\/2023\/12\/1338563w762h886c.jpg.webp\" alt=\"\" class=\"wp-image-1175\" srcset=\"https:\/\/neanoticias.com\/wp-content\/uploads\/2023\/12\/1338563w762h886c.jpg.webp 762w, https:\/\/neanoticias.com\/wp-content\/uploads\/2023\/12\/1338563w762h886c.jpg-258x300.webp 258w\" sizes=\"(max-width: 762px) 100vw, 762px\" \/><\/figure>\n\n\n\n<p>El hecho ocurri\u00f3 alrededor de las 7, cuando personal de la fuerza policial del Grupo de Respuesta Inmediata Motorizada (GRIM 4) se encontraba recorriendo la zona, por lo que procedieron a la demora de dos individuos que estaban protagonizando una ri\u00f1a en plena v\u00eda p\u00fablica.<\/p>\n\n\n\n<p>En la esquina de avenida Libertad y calle UNNE, ya en el amanecer, dos individuos fueron demorados por promover desmanes y desorden p\u00fablico mientras manten\u00edan una confrontaci\u00f3n que contaba tambi\u00e9n con espectadores que atestiguaban la situaci\u00f3n y hasta incitaban a la violencia.<\/p>\n\n\n\n<p>En este contexto, los uniformados procedieron a ponerle fin a la gresca y reducirlos, mientras que los asistentes al espect\u00e1culo emprendieron la huida del lugar, quedando \u00fanicamente los dos contendientes.<\/p>\n\n\n\n<p>En el lugar, los agentes se encontraron botellas de bebidas alcoh\u00f3licas, por lo que se presume que los protagonistas de estos disturbios estuvieran en estado de ebriedad luego de los festejos de Noche Buena y Navidad.<\/p>\n\n\n\n<p>Estas personas fueron demoradas preventivamente y trasladadas a la seccional policial Novena, para continuar con las tareas administrativas y contravenciones de este caso.<\/p>\n\n\n\n<p>Otro hecho similar<\/p>\n\n\n\n<p>En este caso ocurrido alrededor de las 4, vecinos del barrio Punta Taitalo denunciaban a una persona en aparente estado de ebriedad que se dedicaba a molestar y amenazar a los transe\u00fantes.<\/p>\n\n\n\n<p>En este sentido, efectivos pertenecientes al Departamento Distritos Policiales y Unidades Operativas, que se encontraban de recorrida, acudieron al llamado del sistema 911 que se registr\u00f3 en las calles Monte Caseros y Punta Vidal de la capital provincial.<\/p>\n\n\n\n<p>All\u00ed, los agentes cotejaron el estado de desequilibrio del individuo, por lo que procedieron a su demora para su posterior trasladado a la comisar\u00eda D\u00e9cimo S\u00e9ptima.<\/p>\n\n\n\n<p><\/p>\n","protected":false},"excerpt":{"rendered":"<p>En la ma\u00f1ana del 25 de diciembre, efectivos policiales visibilizaron a dos sujetos enfrent\u00e1ndose a&#8230;<\/p>\n","protected":false},"author":1,"featured_media":1175,"comment_status":"open","ping_status":"open","sticky":false,"template":"","format":"standard","meta":[],"categories":[1],"tags":[],"_links":{"self":[{"href":"https:\/\/neanoticias.com\/index.php\/wp-json\/wp\/v2\/posts\/1174"}],"collection":[{"href":"https:\/\/neanoticias.com\/index.php\/wp-json\/wp\/v2\/posts"}],"about":[{"href":"https:\/\/neanoticias.com\/index.php\/wp-json\/wp\/v2\/types\/post"}],"author":[{"embeddable":true,"href":"https:\/\/neanoticias.com\/index.php\/wp-json\/wp\/v2\/users\/1"}],"replies":[{"embeddable":true,"href":"https:\/\/neanoticias.com\/index.php\/wp-json\/wp\/v2\/comments?post=1174"}],"version-history":[{"count":1,"href":"https:\/\/neanoticias.com\/index.php\/wp-json\/wp\/v2\/posts\/1174\/revisions"}],"predecessor-version":[{"id":1176,"href":"https:\/\/neanoticias.com\/index.php\/wp-json\/wp\/v2\/posts\/1174\/revisions\/1176"}],"wp:featuredmedia":[{"embeddable":true,"href":"https:\/\/neanoticias.com\/index.php\/wp-json\/wp\/v2\/media\/1175"}],"wp:attachment":[{"href":"https:\/\/neanoticias.com\/index.php\/wp-json\/wp\/v2\/media?parent=1174"}],"wp:term":[{"taxonomy":"category","embeddable":true,"href":"https:\/\/neanoticias.com\/index.php\/wp-json\/wp\/v2\/categories?post=1174"},{"taxonomy":"post_tag","embeddable":true,"href":"https:\/\/neanoticias.com\/index.php\/wp-json\/wp\/v2\/tags?post=1174"}],"curies":[{"name":"wp","href":"https:\/\/api.w.org\/{rel}","templated":true}]}}