{"id":1167,"date":"2023-12-26T11:55:48","date_gmt":"2023-12-26T11:55:48","guid":{"rendered":"https:\/\/neanoticias.com\/?p=1167"},"modified":"2023-12-26T11:55:49","modified_gmt":"2023-12-26T11:55:49","slug":"apedrearon-una-camioneta-de-la-policia","status":"publish","type":"post","link":"https:\/\/neanoticias.com\/index.php\/2023\/12\/26\/apedrearon-una-camioneta-de-la-policia\/","title":{"rendered":"APEDREARON UNA CAMIONETA DE LA POLIC\u00cdA"},"content":{"rendered":"\n<p>Un m\u00f3vil del GIR fue atacado por vecinos que proteg\u00edan a un delincuente que fue reducido luego de una persecuci\u00f3n.<\/p>\n\n\n\n<figure class=\"wp-block-image size-full\"><img loading=\"lazy\" width=\"762\" height=\"778\" src=\"https:\/\/neanoticias.com\/wp-content\/uploads\/2023\/12\/1338565w762h778c.jpg.webp\" alt=\"\" class=\"wp-image-1168\" srcset=\"https:\/\/neanoticias.com\/wp-content\/uploads\/2023\/12\/1338565w762h778c.jpg.webp 762w, https:\/\/neanoticias.com\/wp-content\/uploads\/2023\/12\/1338565w762h778c.jpg-294x300.webp 294w\" sizes=\"(max-width: 762px) 100vw, 762px\" \/><\/figure>\n\n\n\n<p>En un hecho que se registr\u00f3 durante el fin de semana, un delincuente intent\u00f3 ingresar a un jard\u00edn de infantes para luego darse a la fuga al ver a los uniformados que, tras una corta persecuci\u00f3n, lograron reducirlo. En esos momentos, vecinos del lugar comenzaron a agredir a los efectivos con piedras para evitar la aprensi\u00f3n del sujeto.<\/p>\n\n\n\n<p>Las autoridades policiales llegaron a la intersecci\u00f3n de las calles Piragine Niveyro y Perugorr\u00eda del barrio San Benito de la capital correntina, luego de recibir un llamado de emergencia de la l\u00ednea 911 por movimientos extra\u00f1os en el per\u00edmetro del jard\u00edn de infantes &#8220;Mar\u00eda Elena Walsh&#8221;.<\/p>\n\n\n\n<p>Se dirigieron hacia este lugar para verificar la denuncia telef\u00f3nica, es all\u00ed donde divisaron a un sujeto sobre los techos del establecimiento que cumpl\u00eda con los rasgos f\u00edsicos de la descripci\u00f3n brindada por el denunciante, por lo que procedieron a intentar detenerlo.<\/p>\n\n\n\n<p>Momento en el cual el ladr\u00f3n intenta escabullirse tir\u00e1ndose del techo y emprender su huida. Luego de una corta persecuci\u00f3n, uno de los efectivos logr\u00f3 detenerlo, el sujeto present\u00f3 resistencia a la autoridad y se produjo un forcejeo por unos instantes, hasta que el agente logr\u00f3 reducir al malviviente a la altura de avenida Teniente Ib\u00e1\u00f1ez en el ingreso al barrio Galv\u00e1n.<\/p>\n\n\n\n<p>Es all\u00ed donde al detenerlo se produce la aparici\u00f3n en escena de vecinos del sector que intentaban proteger al malhechor, comenzando a atacar al personal policial actuante con piedras para que liberen al delincuente.<\/p>\n\n\n\n<p>Ante tal hostilidad por parte del vecindario, los efectivos procedieron a intentar salvaguardar la integridad f\u00edsica, tanto del detenido como de ellos mismos, meti\u00e9ndose r\u00e1pidamente en el m\u00f3vil policial. Al intentar salir del lugar, con una maniobra de reversa para el repliegue, y as\u00ed evitar los objetos contundentes arrojados, terminaron con el impacto en el paragolpes posterior del veh\u00edculo contra la estructura de cemento del alumbrado p\u00fablico, lo que provoc\u00f3 da\u00f1os materiales en el rodado.<\/p>\n\n\n\n<p>El detenido, que fue identificado como Ram\u00f3n Q., de 22 a\u00f1os, fue trasladado a la comisar\u00eda Segunda.<\/p>\n","protected":false},"excerpt":{"rendered":"<p>Un m\u00f3vil del GIR fue atacado por vecinos que proteg\u00edan a un delincuente que fue&#8230;<\/p>\n","protected":false},"author":1,"featured_media":1168,"comment_status":"open","ping_status":"open","sticky":false,"template":"","format":"standard","meta":[],"categories":[1],"tags":[],"_links":{"self":[{"href":"https:\/\/neanoticias.com\/index.php\/wp-json\/wp\/v2\/posts\/1167"}],"collection":[{"href":"https:\/\/neanoticias.com\/index.php\/wp-json\/wp\/v2\/posts"}],"about":[{"href":"https:\/\/neanoticias.com\/index.php\/wp-json\/wp\/v2\/types\/post"}],"author":[{"embeddable":true,"href":"https:\/\/neanoticias.com\/index.php\/wp-json\/wp\/v2\/users\/1"}],"replies":[{"embeddable":true,"href":"https:\/\/neanoticias.com\/index.php\/wp-json\/wp\/v2\/comments?post=1167"}],"version-history":[{"count":1,"href":"https:\/\/neanoticias.com\/index.php\/wp-json\/wp\/v2\/posts\/1167\/revisions"}],"predecessor-version":[{"id":1169,"href":"https:\/\/neanoticias.com\/index.php\/wp-json\/wp\/v2\/posts\/1167\/revisions\/1169"}],"wp:featuredmedia":[{"embeddable":true,"href":"https:\/\/neanoticias.com\/index.php\/wp-json\/wp\/v2\/media\/1168"}],"wp:attachment":[{"href":"https:\/\/neanoticias.com\/index.php\/wp-json\/wp\/v2\/media?parent=1167"}],"wp:term":[{"taxonomy":"category","embeddable":true,"href":"https:\/\/neanoticias.com\/index.php\/wp-json\/wp\/v2\/categories?post=1167"},{"taxonomy":"post_tag","embeddable":true,"href":"https:\/\/neanoticias.com\/index.php\/wp-json\/wp\/v2\/tags?post=1167"}],"curies":[{"name":"wp","href":"https:\/\/api.w.org\/{rel}","templated":true}]}}