{"id":1158,"date":"2023-12-26T11:46:50","date_gmt":"2023-12-26T11:46:50","guid":{"rendered":"https:\/\/neanoticias.com\/?p=1158"},"modified":"2023-12-26T11:46:50","modified_gmt":"2023-12-26T11:46:50","slug":"no-hubo-quemados-pero-si-accidentados-heridos-de-arma-blanca-y-un-mordido","status":"publish","type":"post","link":"https:\/\/neanoticias.com\/index.php\/2023\/12\/26\/no-hubo-quemados-pero-si-accidentados-heridos-de-arma-blanca-y-un-mordido\/","title":{"rendered":"NO HUBO QUEMADOS PERO S\u00cd ACCIDENTADOS, HERIDOS DE ARMA BLANCA Y UN MORDIDO"},"content":{"rendered":"\n<p>El punto destacado es que no hubo quemados por pirotecnia.<\/p>\n\n\n\n<figure class=\"wp-block-image size-full\"><img loading=\"lazy\" width=\"762\" height=\"475\" src=\"https:\/\/neanoticias.com\/wp-content\/uploads\/2023\/12\/1338536w762h475c.jpg.webp\" alt=\"\" class=\"wp-image-1159\" srcset=\"https:\/\/neanoticias.com\/wp-content\/uploads\/2023\/12\/1338536w762h475c.jpg.webp 762w, https:\/\/neanoticias.com\/wp-content\/uploads\/2023\/12\/1338536w762h475c.jpg-300x187.webp 300w, https:\/\/neanoticias.com\/wp-content\/uploads\/2023\/12\/1338536w762h475c.jpg-400x250.webp 400w\" sizes=\"(max-width: 762px) 100vw, 762px\" \/><\/figure>\n\n\n\n<p>La Direcci\u00f3n de Emergencias Sanitarias (DES) inform\u00f3 que, entre las jornadas de Nochebuena y Navidad, sus equipos m\u00e9dicos prestaron servicio de manera sostenida en atenciones domiciliarias, traslados por accidentes viales y reyertas.&nbsp;<\/p>\n\n\n\n<p>Tanto es as\u00ed que seg\u00fan lo narrado a \u00e9poca por el titular de la DES, Orlando Levatti, entre las 7 del domingo y mismo horario del lunes, se contabilizaron un total de nueve de accidentes de tr\u00e1nsito.<\/p>\n\n\n\n<p>No obstante, hubo dos heridos de arma blanca (un hombre del barrio Esperanza fue atacado con una tijera y otro recibi\u00f3 un machetazo en la cabeza en Cazadores Correntinos y Yugoslavia) y un joven fue mordido por un perro a la altura de sus test\u00edculos, todos fueron traslados de urgencia al Hospital Escuela.<\/p>\n\n\n\n<p>&#8220;Comparado con otras navidades no hubo tantos requerimientos. La mayor\u00eda de los accidentes viales ocurrieron entre la tarde y la noche del 24 de diciembre. La madrugada del 25 estuvo bastante tranquila. Por suerte no hubo quemados por pirotecnia&#8221;, describi\u00f3 Levatti.<\/p>\n\n\n\n<p>Con respecto a la incidencia de las altas temperaturas, el mencionado dijo que &#8220;el s\u00e1bado tuvimos atenciones a varios adultos mayores por golpes de calor y sofocamientos&#8221;. Finalmente, sobre atenciones por excesos en comida y bebida, remarc\u00f3: &#8220;No tuvimos atenciones domiciliarias, ni traslados por esos motivos&#8221;.<\/p>\n","protected":false},"excerpt":{"rendered":"<p>El punto destacado es que no hubo quemados por pirotecnia. La Direcci\u00f3n de Emergencias Sanitarias&#8230;<\/p>\n","protected":false},"author":1,"featured_media":1159,"comment_status":"open","ping_status":"open","sticky":false,"template":"","format":"standard","meta":[],"categories":[1],"tags":[],"_links":{"self":[{"href":"https:\/\/neanoticias.com\/index.php\/wp-json\/wp\/v2\/posts\/1158"}],"collection":[{"href":"https:\/\/neanoticias.com\/index.php\/wp-json\/wp\/v2\/posts"}],"about":[{"href":"https:\/\/neanoticias.com\/index.php\/wp-json\/wp\/v2\/types\/post"}],"author":[{"embeddable":true,"href":"https:\/\/neanoticias.com\/index.php\/wp-json\/wp\/v2\/users\/1"}],"replies":[{"embeddable":true,"href":"https:\/\/neanoticias.com\/index.php\/wp-json\/wp\/v2\/comments?post=1158"}],"version-history":[{"count":1,"href":"https:\/\/neanoticias.com\/index.php\/wp-json\/wp\/v2\/posts\/1158\/revisions"}],"predecessor-version":[{"id":1160,"href":"https:\/\/neanoticias.com\/index.php\/wp-json\/wp\/v2\/posts\/1158\/revisions\/1160"}],"wp:featuredmedia":[{"embeddable":true,"href":"https:\/\/neanoticias.com\/index.php\/wp-json\/wp\/v2\/media\/1159"}],"wp:attachment":[{"href":"https:\/\/neanoticias.com\/index.php\/wp-json\/wp\/v2\/media?parent=1158"}],"wp:term":[{"taxonomy":"category","embeddable":true,"href":"https:\/\/neanoticias.com\/index.php\/wp-json\/wp\/v2\/categories?post=1158"},{"taxonomy":"post_tag","embeddable":true,"href":"https:\/\/neanoticias.com\/index.php\/wp-json\/wp\/v2\/tags?post=1158"}],"curies":[{"name":"wp","href":"https:\/\/api.w.org\/{rel}","templated":true}]}}