{"id":1155,"date":"2023-12-26T11:45:57","date_gmt":"2023-12-26T11:45:57","guid":{"rendered":"https:\/\/neanoticias.com\/?p=1155"},"modified":"2023-12-26T11:45:58","modified_gmt":"2023-12-26T11:45:58","slug":"violentaron-15-departamentos","status":"publish","type":"post","link":"https:\/\/neanoticias.com\/index.php\/2023\/12\/26\/violentaron-15-departamentos\/","title":{"rendered":"VIOLENTARON 15 DEPARTAMENTOS"},"content":{"rendered":"\n<p>Ladrones recorrieron un edificio en Roca al 800 y otro por Ram\u00f3n Carrillo al 1100. No forzaron las puertas de acceso principal, pero s\u00ed cada abertura de las viviendas en distintos pisos. Sustrajeron dinero y alhajas, pero una inquilina logr\u00f3 frustrar el robo en cuatro inmuebles.<\/p>\n\n\n\n<figure class=\"wp-block-image size-full\"><img loading=\"lazy\" width=\"762\" height=\"804\" src=\"https:\/\/neanoticias.com\/wp-content\/uploads\/2023\/12\/1338557w762h804c.jpg.webp\" alt=\"\" class=\"wp-image-1156\" srcset=\"https:\/\/neanoticias.com\/wp-content\/uploads\/2023\/12\/1338557w762h804c.jpg.webp 762w, https:\/\/neanoticias.com\/wp-content\/uploads\/2023\/12\/1338557w762h804c.jpg-284x300.webp 284w\" sizes=\"(max-width: 762px) 100vw, 762px\" \/><\/figure>\n\n\n\n<p>Dinero y alhajas fueron denunciadas como robadas en un edificio en el que una banda de ladrones vulner\u00f3 once departamentos. En tanto, una inquilina frustr\u00f3 la sustracci\u00f3n de tres televisores y una computadora de cuatro departamentos de un segundo edificio. Ambos hechos sucedieron en Capital.<\/p>\n\n\n\n<p>Las personas que habitan la mayor\u00eda de esas viviendas ser\u00edan estudiantes, quienes hab\u00edan viajado a localidades del interior provincial con motivo de pasar la Navidad junto a sus respectivas familias.<\/p>\n\n\n\n<p>El delito de mayor magnitud tuvo como escenario a una torre ubicada en calle General Roca al 800, entre 9 de Julio y Jun\u00edn, del barrio Libertad.<\/p>\n\n\n\n<p>Seg\u00fan informaci\u00f3n lograda por diario \u00e9poca, el administrador llam\u00f3 a la Polic\u00eda el domingo poco antes de la medianoche, cuando descubri\u00f3 que la puerta de dos departamentos situados en la planta baja ten\u00edan las puertas da\u00f1adas.<\/p>\n\n\n\n<p>Tras recorrer los pisos superiores, el hombre junto a efectivos de la comisar\u00eda seccional Cuarta constataron que otros nueve departamentos fueron blanco de igual acci\u00f3n delictiva. Dos en el primer piso, cuatro en el tercero y tres en el quinto. En los dem\u00e1s niveles no hubo da\u00f1os.<\/p>\n\n\n\n<p>Dos de los moradores pudieron ser localizados al poco tiempo. Uno de ellos dijo no haber notado faltante alguna de su vivienda. En cambio, la otra persona denunci\u00f3 la sustracci\u00f3n de dinero en una suma que oscilar\u00eda los 100 mil pesos, un anillo de oro y otras alhajas elaboradas en plata.<\/p>\n\n\n\n<p>El encargado precis\u00f3 que los dem\u00e1s habitantes viajaron a distintos lugares de la regi\u00f3n.<\/p>\n\n\n\n<p>Se tratar\u00eda de estudiantes universitarios del interior, en etapa de vacaciones, y otras personas que fueron a visitar a sus familias con motivo de la celebraci\u00f3n de Nochebuena.<\/p>\n\n\n\n<p>Por esa raz\u00f3n no hab\u00eda m\u00e1s certezas sobre otros posibles bienes sustra\u00eddos.<\/p>\n\n\n\n<p>El encargado a\u00f1adi\u00f3 que la puerta de acceso central no tiene signos de da\u00f1os, como tampoco el port\u00f3n de la cochera y de una puerta lateral de acceso desde el garaje.<\/p>\n\n\n\n<p>No hay certeza de cu\u00e1ndo ocurri\u00f3 la incursi\u00f3n de los ladrones al edificio, pero seg\u00fan presume el administrador no habr\u00eda ocurrido el domingo a la noche sino a la madrugada o bien un d\u00eda antes.<\/p>\n\n\n\n<p>La torre de viviendas colectivas no cuenta con seguridad privada y tampoco con sistema de c\u00e1maras.<\/p>\n\n\n\n<h2>Frustrado<\/h2>\n\n\n\n<p>Por otra parte, en un edificio de calle Ram\u00f3n Carrillo al 1100, entre P\u00edo XII y J. R. Vidal del barrio Sur, la Polic\u00eda desbarat\u00f3 robos a cuatro departamentos. Por el caso, demoraron a un sospechoso cuando todav\u00eda merodeaba la zona.<\/p>\n\n\n\n<p>El s\u00e1bado a la madrugada, una chica llam\u00f3 al 911 para denunciar que un delincuente accedi\u00f3 a su vivienda y logr\u00f3 sacar un televisor. Sin embargo, ella puso en fuga al intruso.<\/p>\n\n\n\n<p>A la vez, a partir de ese suceso, descubrieron que fueron violentadas las puertas de otros tres domicilios de inquilinos ausentes. De esos lugares sacaron dos televisores, una computadora y controles remotos que estaban acopiados en el pasillo delantero del edificio, listos para ser llevados.<\/p>\n\n\n\n<p>El presunto ladr\u00f3n interceptado a un par de cuadras responde al apellido Lezcano.<\/p>\n","protected":false},"excerpt":{"rendered":"<p>Ladrones recorrieron un edificio en Roca al 800 y otro por Ram\u00f3n Carrillo al 1100&#8230;.<\/p>\n","protected":false},"author":1,"featured_media":1156,"comment_status":"open","ping_status":"open","sticky":false,"template":"","format":"standard","meta":[],"categories":[1],"tags":[],"_links":{"self":[{"href":"https:\/\/neanoticias.com\/index.php\/wp-json\/wp\/v2\/posts\/1155"}],"collection":[{"href":"https:\/\/neanoticias.com\/index.php\/wp-json\/wp\/v2\/posts"}],"about":[{"href":"https:\/\/neanoticias.com\/index.php\/wp-json\/wp\/v2\/types\/post"}],"author":[{"embeddable":true,"href":"https:\/\/neanoticias.com\/index.php\/wp-json\/wp\/v2\/users\/1"}],"replies":[{"embeddable":true,"href":"https:\/\/neanoticias.com\/index.php\/wp-json\/wp\/v2\/comments?post=1155"}],"version-history":[{"count":1,"href":"https:\/\/neanoticias.com\/index.php\/wp-json\/wp\/v2\/posts\/1155\/revisions"}],"predecessor-version":[{"id":1157,"href":"https:\/\/neanoticias.com\/index.php\/wp-json\/wp\/v2\/posts\/1155\/revisions\/1157"}],"wp:featuredmedia":[{"embeddable":true,"href":"https:\/\/neanoticias.com\/index.php\/wp-json\/wp\/v2\/media\/1156"}],"wp:attachment":[{"href":"https:\/\/neanoticias.com\/index.php\/wp-json\/wp\/v2\/media?parent=1155"}],"wp:term":[{"taxonomy":"category","embeddable":true,"href":"https:\/\/neanoticias.com\/index.php\/wp-json\/wp\/v2\/categories?post=1155"},{"taxonomy":"post_tag","embeddable":true,"href":"https:\/\/neanoticias.com\/index.php\/wp-json\/wp\/v2\/tags?post=1155"}],"curies":[{"name":"wp","href":"https:\/\/api.w.org\/{rel}","templated":true}]}}