{"id":1146,"date":"2023-12-26T11:39:13","date_gmt":"2023-12-26T11:39:13","guid":{"rendered":"https:\/\/neanoticias.com\/?p=1146"},"modified":"2023-12-26T11:39:14","modified_gmt":"2023-12-26T11:39:14","slug":"entraron-por-el-hueco-del-aire-ventana-y-robaron-barberia","status":"publish","type":"post","link":"https:\/\/neanoticias.com\/index.php\/2023\/12\/26\/entraron-por-el-hueco-del-aire-ventana-y-robaron-barberia\/","title":{"rendered":"ENTRARON POR EL HUECO DEL AIRE VENTANA Y ROBARON BARBER\u00cdA"},"content":{"rendered":"\n<p>Malvivientes ingresaron a un local comercial en el que funciona una barber\u00eda, quitando el aire acondicionado instalado en una pared. A trav\u00e9s del hueco sustrajeron distintas herramientas de trabajo en horario de la madrugada.<\/p>\n\n\n\n<figure class=\"wp-block-image size-full\"><img loading=\"lazy\" width=\"762\" height=\"752\" src=\"https:\/\/neanoticias.com\/wp-content\/uploads\/2023\/12\/1338564w762h752c.jpg.webp\" alt=\"\" class=\"wp-image-1147\" srcset=\"https:\/\/neanoticias.com\/wp-content\/uploads\/2023\/12\/1338564w762h752c.jpg.webp 762w, https:\/\/neanoticias.com\/wp-content\/uploads\/2023\/12\/1338564w762h752c.jpg-300x296.webp 300w\" sizes=\"(max-width: 762px) 100vw, 762px\" \/><\/figure>\n\n\n\n<p>Adem\u00e1s de llevarse el equipo de refrigeraci\u00f3n, los autores del il\u00edcito escaparon con m\u00e1quinas de corte, una jarra el\u00e9ctrica y otros accesorios fundamentales para las labores en el sal\u00f3n de est\u00e9tica.<\/p>\n\n\n\n<p>De acuerdo a informaci\u00f3n obtenida por diario \u00e9poca, la incursi\u00f3n de ladrones sucedi\u00f3 en un local de avenida R\u00edo Chico al 5500 del capitalino barrio V\u00edctor Colas.<\/p>\n\n\n\n<p>El propietario de la barber\u00eda &#8220;El J\u00f3ker&#8221; explic\u00f3 que malvivientes accedieron desde el fondo por un terreno lindante. En ese sitio quitaron un acondicionador de 3 mil frigor\u00edas adquirido como nuevo hace un par de meses.<\/p>\n\n\n\n<p>Luego de sacar el aparato, qued\u00f3 un &#8220;boquete&#8221; en la pared que sirvi\u00f3 a los delincuentes para acceder al sal\u00f3n.<\/p>\n\n\n\n<p>El damnificado de nombre Santiago padeci\u00f3 por segunda vez un delito en esa direcci\u00f3n. Antes, en diciembre de 2020, sufri\u00f3 un asalto en el cual sustrajeron dinero.<\/p>\n\n\n\n<p>Se presume que el robo reciente ocurri\u00f3 entre la medianoche del s\u00e1bado y la madrugada del domingo.<\/p>\n","protected":false},"excerpt":{"rendered":"<p>Malvivientes ingresaron a un local comercial en el que funciona una barber\u00eda, quitando el aire&#8230;<\/p>\n","protected":false},"author":1,"featured_media":1147,"comment_status":"open","ping_status":"open","sticky":false,"template":"","format":"standard","meta":[],"categories":[1],"tags":[],"_links":{"self":[{"href":"https:\/\/neanoticias.com\/index.php\/wp-json\/wp\/v2\/posts\/1146"}],"collection":[{"href":"https:\/\/neanoticias.com\/index.php\/wp-json\/wp\/v2\/posts"}],"about":[{"href":"https:\/\/neanoticias.com\/index.php\/wp-json\/wp\/v2\/types\/post"}],"author":[{"embeddable":true,"href":"https:\/\/neanoticias.com\/index.php\/wp-json\/wp\/v2\/users\/1"}],"replies":[{"embeddable":true,"href":"https:\/\/neanoticias.com\/index.php\/wp-json\/wp\/v2\/comments?post=1146"}],"version-history":[{"count":1,"href":"https:\/\/neanoticias.com\/index.php\/wp-json\/wp\/v2\/posts\/1146\/revisions"}],"predecessor-version":[{"id":1148,"href":"https:\/\/neanoticias.com\/index.php\/wp-json\/wp\/v2\/posts\/1146\/revisions\/1148"}],"wp:featuredmedia":[{"embeddable":true,"href":"https:\/\/neanoticias.com\/index.php\/wp-json\/wp\/v2\/media\/1147"}],"wp:attachment":[{"href":"https:\/\/neanoticias.com\/index.php\/wp-json\/wp\/v2\/media?parent=1146"}],"wp:term":[{"taxonomy":"category","embeddable":true,"href":"https:\/\/neanoticias.com\/index.php\/wp-json\/wp\/v2\/categories?post=1146"},{"taxonomy":"post_tag","embeddable":true,"href":"https:\/\/neanoticias.com\/index.php\/wp-json\/wp\/v2\/tags?post=1146"}],"curies":[{"name":"wp","href":"https:\/\/api.w.org\/{rel}","templated":true}]}}