{"id":1138,"date":"2023-12-22T14:31:29","date_gmt":"2023-12-22T14:31:29","guid":{"rendered":"https:\/\/neanoticias.com\/?p=1138"},"modified":"2023-12-22T14:31:29","modified_gmt":"2023-12-22T14:31:29","slug":"corrientes-revelaron-29-casos-de-infecciones-por-hpv-en-la-boca-de-pacientes-con-hiv","status":"publish","type":"post","link":"https:\/\/neanoticias.com\/index.php\/2023\/12\/22\/corrientes-revelaron-29-casos-de-infecciones-por-hpv-en-la-boca-de-pacientes-con-hiv\/","title":{"rendered":"CORRIENTES: REVELARON 29 CASOS DE INFECCIONES POR HPV EN LA BOCA DE PACIENTES CON HIV"},"content":{"rendered":"\n<p>Este estudio muestra la importancia de la vacunaci\u00f3n.\u00a0<\/p>\n\n\n\n<figure class=\"wp-block-image size-full\"><img loading=\"lazy\" width=\"770\" height=\"440\" src=\"https:\/\/neanoticias.com\/wp-content\/uploads\/2023\/12\/1703156129540.webp\" alt=\"\" class=\"wp-image-1139\" srcset=\"https:\/\/neanoticias.com\/wp-content\/uploads\/2023\/12\/1703156129540.webp 770w, https:\/\/neanoticias.com\/wp-content\/uploads\/2023\/12\/1703156129540-300x171.webp 300w, https:\/\/neanoticias.com\/wp-content\/uploads\/2023\/12\/1703156129540-768x439.webp 768w\" sizes=\"(max-width: 770px) 100vw, 770px\" \/><\/figure>\n\n\n\n<p>El virus del papiloma humano (HPV) est\u00e1 usualmente relacionado a las mujeres y al c\u00e1ncer de cuello uterino. Pero una reciente investigaci\u00f3n en la provincia de Corrientes&nbsp;revel\u00f3, por primera vez en Argentina, la presencia de este virus en la boca de personas a la que ya se se les detect\u00f3 el&nbsp;virus de la inmunodeficiencia humana (HIV).&nbsp;<\/p>\n\n\n\n<p>&#8220;Se encontr\u00f3 una frecuencia del 22%;&nbsp;revelamos 29 casos dentro de 133 muestras obtenidas. Se relacion\u00f3 que los participantes que ten\u00edan m\u00e1s de 36 a\u00f1os ten\u00edan un poco m\u00e1s de riesgo de tener una infecci\u00f3n de HPV en la boca, y aquellas personas que ten\u00edan una carga viral mayor de HIV circulante (m\u00e1s de 40 copias), s\u00ed ten\u00edan m\u00e1s posibilidad de presentar una infecci\u00f3n por HPV en la cavidad oral&#8221;, detall\u00f3 a El Litoral la bi\u00f3loga Ail\u00edn Sotelo, quien realiz\u00f3 esta investigaci\u00f3n junto al bioqu\u00edmico&nbsp;Gerardo Deluca en el Instituto de Medicina Regional, de la Universidad Nacional del Nordeste (UNNE).&nbsp;<\/p>\n\n\n\n<p>El trabajo, que forma parte de su tesis doctoral, se lo puede encontrar completo en la \u00faltima edici\u00f3n de la revista cient\u00edfica&nbsp;Medicina de Buenos Aires.&nbsp; &#8220;Investigu\u00e9 varios virus que tienen posibilidad de provocar c\u00e1ncer en la cavidad oral, dentro de los cuales se encuentra el HPV&#8221;, agreg\u00f3 Sotelo.&nbsp;<\/p>\n\n\n\n<p>Tambi\u00e9n indic\u00f3 que lo que se sabe del HPV es que es un virus generalmente asociado al c\u00e1ncer de cuello uterino en las mujeres, pero\u00a0<strong>tambi\u00e9n puede afectar la mucosa oral de las personas<\/strong>. &#8220;Est\u00e1 mucho menos estudiado y hay otros factores que pueden coaccionar para que suceda el c\u00e1ncer de cabeza y cuello, como el abuso del tabaco y el alcohol (que es uno de los par\u00e1metros que evalu\u00e9 en este trabajo)&#8221;, se\u00f1al\u00f3.\u00a0<\/p>\n\n\n\n<p>La bi\u00f3loga&nbsp;trat\u00f3&nbsp;de ver si existe una correlaci\u00f3n entre la presencia de una infecci\u00f3n de HPV y algunos de los factores de riesgo que pueden llegar a estar actuando a nivel de facilitar la infecci\u00f3n.<\/p>\n\n\n\n<p>Los HPV son virus normales y el 80% de las personas sexualmente activas&nbsp;tuvo alguna vez en su vida contacto con estos virus. En diferentes circunstancias, una infecci\u00f3n por los genotipos de alto riesgo se extiende&nbsp;en el tiempo y hay ciertas interacciones en el tejido que hacen que favorezca a que se genere un c\u00e1ncer. Esto tambi\u00e9n puede pasar en la cavidad oral, sumados a los factores que pueden hacer que haya c\u00e1ncer, como el abuso de alcohol y tabaco.&nbsp;<\/p>\n\n\n\n<p>Sotelo reconoci\u00f3 que su muestra &#8220;es chica, pero es representativa de la cantidad de personas para la provincia de Corrientes que pertenecen al programa (de atenci\u00f3n al HIV)&#8221;.<\/p>\n\n\n\n<p>&#8220;El objetivo de este trabajo era describir la frecuencia que hay en personas que son VIH positivas, que se sabe que son inmunodeprimidas, correlacionarlas o no con estos factores de riesgo. Dentro de los genotipos revelados, se encontr\u00f3 uno que no se describi\u00f3 anteriormente. Se detect\u00f3 el\u00a0<strong>genoma de HPV en enjuagados bucales<\/strong>, entonces nosotros nos limitamos a describir la frecuencia de este virus pero solamente a nivel de la cavidad oral.\u00a0Es un genotipo que no se describi\u00f3 anteriormente en Argentina, hasta ahora hay una cita nada m\u00e1s en Italia&#8221;, manifest\u00f3 Sotelo.\u00a0<\/p>\n\n\n\n<p>&#8220;Las que est\u00e1n vacunadas, la gran mayor\u00eda no ten\u00eda HPV en la boca en el momento en que se muestre\u00f3 y eso revela la importancia de la vacunaci\u00f3n; tanto en estas poblaciones vulnerables como en cualquier otra&#8221;, detall\u00f3.&nbsp;<\/p>\n\n\n\n<p>La poblaci\u00f3n de personas con VIH positivo son hombres y los datos dan cuenta que en su mayor\u00eda son hombres los que tienen c\u00e1ncer de cabeza y cuello y muchos de ellos por HPV, seg\u00fan Sotelo. Es decir,&nbsp;<strong>el HPV no es una cuesti\u00f3n exclusiva de mujeres y de c\u00e1ncer de cuello de \u00fatero, sino que tambi\u00e9n es un problema para los hombres<\/strong>.<\/p>\n\n\n\n<p>Sotelo indic\u00f3 que este es un problema tambi\u00e9n de pa\u00edses desarrollados, como Estados Unidos o de Europa y que, sin embargo,&nbsp;<strong>no existen hoy en d\u00eda programas de control de HPV en cavidad oral&nbsp;<\/strong>como s\u00ed existe para las mujeres en cuello de \u00fatero. &#8220;Estos estudios suman a la informaci\u00f3n que se tiene de la historia natural del virus&#8221;, celebr\u00f3.&nbsp;<\/p>\n\n\n\n<p>En el art\u00edculo, Sotelo enfatiz\u00f3 que&nbsp;&#8220;a\u00fan es llamativa la falta de claridad en cuanto a la historia natural y la relevancia que podr\u00eda tener la detecci\u00f3n del virus de papiloma humano en localizaciones extra genitales&#8221;.&nbsp;El muestreo se realiz\u00f3 entre marzo y septiembre de 2019.<\/p>\n","protected":false},"excerpt":{"rendered":"<p>Este estudio muestra la importancia de la vacunaci\u00f3n.\u00a0 El virus del papiloma humano (HPV) est\u00e1&#8230;<\/p>\n","protected":false},"author":1,"featured_media":1139,"comment_status":"open","ping_status":"open","sticky":false,"template":"","format":"standard","meta":[],"categories":[1],"tags":[],"_links":{"self":[{"href":"https:\/\/neanoticias.com\/index.php\/wp-json\/wp\/v2\/posts\/1138"}],"collection":[{"href":"https:\/\/neanoticias.com\/index.php\/wp-json\/wp\/v2\/posts"}],"about":[{"href":"https:\/\/neanoticias.com\/index.php\/wp-json\/wp\/v2\/types\/post"}],"author":[{"embeddable":true,"href":"https:\/\/neanoticias.com\/index.php\/wp-json\/wp\/v2\/users\/1"}],"replies":[{"embeddable":true,"href":"https:\/\/neanoticias.com\/index.php\/wp-json\/wp\/v2\/comments?post=1138"}],"version-history":[{"count":1,"href":"https:\/\/neanoticias.com\/index.php\/wp-json\/wp\/v2\/posts\/1138\/revisions"}],"predecessor-version":[{"id":1140,"href":"https:\/\/neanoticias.com\/index.php\/wp-json\/wp\/v2\/posts\/1138\/revisions\/1140"}],"wp:featuredmedia":[{"embeddable":true,"href":"https:\/\/neanoticias.com\/index.php\/wp-json\/wp\/v2\/media\/1139"}],"wp:attachment":[{"href":"https:\/\/neanoticias.com\/index.php\/wp-json\/wp\/v2\/media?parent=1138"}],"wp:term":[{"taxonomy":"category","embeddable":true,"href":"https:\/\/neanoticias.com\/index.php\/wp-json\/wp\/v2\/categories?post=1138"},{"taxonomy":"post_tag","embeddable":true,"href":"https:\/\/neanoticias.com\/index.php\/wp-json\/wp\/v2\/tags?post=1138"}],"curies":[{"name":"wp","href":"https:\/\/api.w.org\/{rel}","templated":true}]}}