{"id":1135,"date":"2023-12-22T14:29:04","date_gmt":"2023-12-22T14:29:04","guid":{"rendered":"https:\/\/neanoticias.com\/?p=1135"},"modified":"2023-12-22T14:29:05","modified_gmt":"2023-12-22T14:29:05","slug":"investigan-a-un-policia-en-una-causa-de-abigeato-en-corrientes","status":"publish","type":"post","link":"https:\/\/neanoticias.com\/index.php\/2023\/12\/22\/investigan-a-un-policia-en-una-causa-de-abigeato-en-corrientes\/","title":{"rendered":"INVESTIGAN A UN POLIC\u00cdA EN UNA CAUSA DE ABIGEATO EN CORRIENTES"},"content":{"rendered":"\n<p>El hombre de 40 a\u00f1os fue detenido por la secci\u00f3n Seguridad Rural y Ecol\u00f3gica.<\/p>\n\n\n\n<figure class=\"wp-block-image size-full\"><img loading=\"lazy\" width=\"770\" height=\"440\" src=\"https:\/\/neanoticias.com\/wp-content\/uploads\/2023\/12\/1703201193146.webp\" alt=\"\" class=\"wp-image-1136\" srcset=\"https:\/\/neanoticias.com\/wp-content\/uploads\/2023\/12\/1703201193146.webp 770w, https:\/\/neanoticias.com\/wp-content\/uploads\/2023\/12\/1703201193146-300x171.webp 300w, https:\/\/neanoticias.com\/wp-content\/uploads\/2023\/12\/1703201193146-768x439.webp 768w\" sizes=\"(max-width: 770px) 100vw, 770px\" \/><\/figure>\n\n\n\n<p>La Justicia de Corrientes investiga a un Polic\u00eda de Misiones que estar\u00eda involucrado en el robo de ganado en la localidad de Gobernador Virasoro. El hombre de 40 a\u00f1os fue detenido por la secci\u00f3n Seguridad Rural y Ecol\u00f3gica quienes interceptaron el veh\u00edculo en el que transportaban cuatro novillos faenados minutos antes, cada uno de 200 kilogramos.<\/p>\n\n\n\n<p>El operativo montado correspond\u00eda al \u201cPlan Integral de Prevenci\u00f3n del Abigeato\u201d, diagramado por el Ministerio de Seguridad y la Jefatura de Polic\u00eda de Corrientes.&nbsp;<\/p>\n\n\n\n<p>Las mismas voces se\u00f1alaron que en el cruce de las calles Carlos Farina y Mburucuy\u00e1, en el barrio Presidente Ra\u00fal Alfons\u00edn, de Virasoro, secuestraron una camioneta Chevrolet S-10 y que el conductor no present\u00f3 ning\u00fan documento, aval o versi\u00f3n que explique el traslado en plena madrugada de la carne vacuna. No pudo acreditar la propiedad de los animales, el permiso de faena y, menos a\u00fan, los controles sanitarios requeridos ante la flagrancia de la infracci\u00f3n a las normas bromatol\u00f3gicas, indic\u00f3 el diario Primera Edici\u00f3n.<\/p>\n\n\n\n<p>Pocas horas despu\u00e9s y ya con la causa en manos, el fiscal de Investigaci\u00f3n de Virasoro, Julio Cazarr\u00e9, solicit\u00f3 entre otras medidas la titularidad de la camioneta mencionada y se determin\u00f3 que desde 2021 ten\u00eda c\u00e9dula verde a nombre de un oficial de Polic\u00eda de Misiones, que presta servicio en la Unidad Regional VII de Ap\u00f3stoles, en un cargo jer\u00e1rquico.<\/p>\n\n\n\n<p>La investigaci\u00f3n por lo pronto no determin\u00f3 imputaci\u00f3n ni descart\u00f3 culpa en cuanto al supuesto propietario del transporte.<\/p>\n\n\n\n<p>Las mismas fuentes remarcaron que la camioneta y las actividades il\u00edcitas como el abigeato que con ella se comet\u00edan, no se circunscriben s\u00f3lo a Virasoro sino tambi\u00e9n a Colonia Liebig en el l\u00edmite con Ap\u00f3stoles.<\/p>\n\n\n\n<p>Voces con conocimiento de ambas fuerzas de seguridad, correntina y misionera, resaltaron que no solo se vincula al propietario de la camioneta con sendos robos de ganado y faenado clandestino, tambi\u00e9n en el movimiento o transporte de camiones con semirremolque cargados con oleaginosa, principalmente soja y ma\u00edz en negro, que ingresan por la ruta nacional 14 a Misiones y apuntan a los pasos clandestinos del contrabando a Brasil a trav\u00e9s del r\u00edo Uruguay. (NG).<\/p>\n","protected":false},"excerpt":{"rendered":"<p>El hombre de 40 a\u00f1os fue detenido por la secci\u00f3n Seguridad Rural y Ecol\u00f3gica. La&#8230;<\/p>\n","protected":false},"author":1,"featured_media":1136,"comment_status":"open","ping_status":"open","sticky":false,"template":"","format":"standard","meta":[],"categories":[1],"tags":[],"_links":{"self":[{"href":"https:\/\/neanoticias.com\/index.php\/wp-json\/wp\/v2\/posts\/1135"}],"collection":[{"href":"https:\/\/neanoticias.com\/index.php\/wp-json\/wp\/v2\/posts"}],"about":[{"href":"https:\/\/neanoticias.com\/index.php\/wp-json\/wp\/v2\/types\/post"}],"author":[{"embeddable":true,"href":"https:\/\/neanoticias.com\/index.php\/wp-json\/wp\/v2\/users\/1"}],"replies":[{"embeddable":true,"href":"https:\/\/neanoticias.com\/index.php\/wp-json\/wp\/v2\/comments?post=1135"}],"version-history":[{"count":1,"href":"https:\/\/neanoticias.com\/index.php\/wp-json\/wp\/v2\/posts\/1135\/revisions"}],"predecessor-version":[{"id":1137,"href":"https:\/\/neanoticias.com\/index.php\/wp-json\/wp\/v2\/posts\/1135\/revisions\/1137"}],"wp:featuredmedia":[{"embeddable":true,"href":"https:\/\/neanoticias.com\/index.php\/wp-json\/wp\/v2\/media\/1136"}],"wp:attachment":[{"href":"https:\/\/neanoticias.com\/index.php\/wp-json\/wp\/v2\/media?parent=1135"}],"wp:term":[{"taxonomy":"category","embeddable":true,"href":"https:\/\/neanoticias.com\/index.php\/wp-json\/wp\/v2\/categories?post=1135"},{"taxonomy":"post_tag","embeddable":true,"href":"https:\/\/neanoticias.com\/index.php\/wp-json\/wp\/v2\/tags?post=1135"}],"curies":[{"name":"wp","href":"https:\/\/api.w.org\/{rel}","templated":true}]}}