{"id":1132,"date":"2023-12-22T14:23:14","date_gmt":"2023-12-22T14:23:14","guid":{"rendered":"https:\/\/neanoticias.com\/?p=1132"},"modified":"2023-12-22T14:23:14","modified_gmt":"2023-12-22T14:23:14","slug":"nuevo-recorrido-de-las-ferias-de-la-ciudad-en-visperas-de-las-fiestas-de-fin-de-ano","status":"publish","type":"post","link":"https:\/\/neanoticias.com\/index.php\/2023\/12\/22\/nuevo-recorrido-de-las-ferias-de-la-ciudad-en-visperas-de-las-fiestas-de-fin-de-ano\/","title":{"rendered":"NUEVO RECORRIDO DE LAS FERIAS DE LA CIUDAD EN V\u00cdSPERAS DE LAS FIESTAS DE FIN DE A\u00d1O"},"content":{"rendered":"\n<p><em>El programa municipal que acerca ofertas y productos de calidad a distintos sectores de la ciudad se llevar\u00e1 adelante esta semana, hasta al domingo 24 de diciembre inclusive. Los puesteros se instalar\u00e1n en las plazas Torrent, La Cruz, Rep\u00fablica del Per\u00fa, plazoleta Los Inmigrantes, el parque Mitre y el Paseo Arazaty.<\/em><\/p>\n\n\n\n<figure class=\"wp-block-image size-large\"><img loading=\"lazy\" width=\"1024\" height=\"682\" src=\"https:\/\/neanoticias.com\/wp-content\/uploads\/2023\/12\/2a2e4080-f1cc-f11b-fffb-b828cc86ea4c-1024x682.jpeg\" alt=\"\" class=\"wp-image-1133\" srcset=\"https:\/\/neanoticias.com\/wp-content\/uploads\/2023\/12\/2a2e4080-f1cc-f11b-fffb-b828cc86ea4c-1024x682.jpeg 1024w, https:\/\/neanoticias.com\/wp-content\/uploads\/2023\/12\/2a2e4080-f1cc-f11b-fffb-b828cc86ea4c-300x200.jpeg 300w, https:\/\/neanoticias.com\/wp-content\/uploads\/2023\/12\/2a2e4080-f1cc-f11b-fffb-b828cc86ea4c-768x512.jpeg 768w, https:\/\/neanoticias.com\/wp-content\/uploads\/2023\/12\/2a2e4080-f1cc-f11b-fffb-b828cc86ea4c.jpeg 1280w\" sizes=\"(max-width: 1024px) 100vw, 1024px\" \/><\/figure>\n\n\n\n<p>El programa Ferias de la Ciudad, que organiza la Municipalidad de Corrientes, inicia un nuevo recorrido semanal por espacios p\u00fablicos de la ciudad, oportunidad en que renovar\u00e1n su oferta de diferentes tipos de productos a precios convenientes.<br>\u00a0<br>La iniciativa, que es coordinada por la Secretar\u00eda de Desarrollo Econ\u00f3mico municipal, a trav\u00e9s de la Subsecretar\u00eda de Econom\u00eda Social, se llevar\u00e1 adelante de 8 a 13 en lo referente a venta de frutas, verduras, panificados caseros y dulces regionales.<br>\u00a0<br>Esta semana el recorrido comenz\u00f3, como es habitual, en la plazas de los barrios Mil Viviendas y Ber\u00f3n de Astrada, en tanto este martes 19 de diciembre estar\u00e1n en la plaza Torrent (San Lorenzo entre Bol\u00edvar y Belgrano), repiti\u00e9ndose el mi\u00e9rcoles en el mismo lugar en raz\u00f3n que la plaza Libertad se encuentra siendo objeto de tareas de remodelaci\u00f3n. En tanto que el jueves 21 se trasladar\u00e1 a la plaza La Cruz (Salta y Belgrano).<br>\u00a0<br>Mientras que el viernes 22 se repetir\u00e1 la propuesta, en simult\u00e1neo, en la plaza Rep\u00fablica del Per\u00fa de las Mil Viviendas (Av. Patagonia entre Av. La Paz y Av. Paysand\u00fa); y en plazoleta Los Inmigrantes (Ac Correa Fern\u00e1ndez y Av. Sarmiento) del barrio Ber\u00f3n de Astrada.\u00a0\u00a0<br>\u00a0<br>Como es tradicional, los puesteros se trasladar\u00e1n el s\u00e1bado, en el horario de 8 a 13, a la calle Pil\u00fa G\u00f3mez y Jos\u00e9 Mar\u00eda Rol\u00f3n, en el parque Mitre.<br>\u00a0<br>Ese mismo d\u00eda, de 10 a 22, ofrecer\u00e1n en el Paseo Arazaty, artesan\u00edas, plantas ornamentales, manualidades y gastronom\u00eda. En tanto, el domingo, de 10 a 20, estar\u00e1n presentes en ese mismo lugar.<br>\u00a0<br>CRONOGRAMA SEMANAL<br>\u00a0<br>Martes 19: plaza Torrent<br>\u00a0<br>Mi\u00e9rcoles 20: plaza Torrent<br>\u00a0<br>Jueves 21: plaza La Cruz<br>\u00a0<br>Viernes 22: barrio Mil Viviendas (plaza Rep\u00fablica del Per\u00fa), y barrio Ber\u00f3n de Astrada (plazoleta Los Inmigrantes)\u00a0\u00a0<br>\u00a0<br>S\u00e1bado 23: parque Mitre, de 8 a 13; Paseo Arazaty, de 10 a 22 (plantas ornamentales, gastronom\u00eda, artesan\u00eda y manualidades).<br>\u00a0<br>Domingo 24: de 10 a 20, en el Paseo Arazaty (plantas ornamentales, gastronom\u00eda, artesan\u00eda y manualidades).<\/p>\n","protected":false},"excerpt":{"rendered":"<p>El programa municipal que acerca ofertas y productos de calidad a distintos sectores de la&#8230;<\/p>\n","protected":false},"author":1,"featured_media":1133,"comment_status":"open","ping_status":"open","sticky":false,"template":"","format":"standard","meta":[],"categories":[1],"tags":[],"_links":{"self":[{"href":"https:\/\/neanoticias.com\/index.php\/wp-json\/wp\/v2\/posts\/1132"}],"collection":[{"href":"https:\/\/neanoticias.com\/index.php\/wp-json\/wp\/v2\/posts"}],"about":[{"href":"https:\/\/neanoticias.com\/index.php\/wp-json\/wp\/v2\/types\/post"}],"author":[{"embeddable":true,"href":"https:\/\/neanoticias.com\/index.php\/wp-json\/wp\/v2\/users\/1"}],"replies":[{"embeddable":true,"href":"https:\/\/neanoticias.com\/index.php\/wp-json\/wp\/v2\/comments?post=1132"}],"version-history":[{"count":1,"href":"https:\/\/neanoticias.com\/index.php\/wp-json\/wp\/v2\/posts\/1132\/revisions"}],"predecessor-version":[{"id":1134,"href":"https:\/\/neanoticias.com\/index.php\/wp-json\/wp\/v2\/posts\/1132\/revisions\/1134"}],"wp:featuredmedia":[{"embeddable":true,"href":"https:\/\/neanoticias.com\/index.php\/wp-json\/wp\/v2\/media\/1133"}],"wp:attachment":[{"href":"https:\/\/neanoticias.com\/index.php\/wp-json\/wp\/v2\/media?parent=1132"}],"wp:term":[{"taxonomy":"category","embeddable":true,"href":"https:\/\/neanoticias.com\/index.php\/wp-json\/wp\/v2\/categories?post=1132"},{"taxonomy":"post_tag","embeddable":true,"href":"https:\/\/neanoticias.com\/index.php\/wp-json\/wp\/v2\/tags?post=1132"}],"curies":[{"name":"wp","href":"https:\/\/api.w.org\/{rel}","templated":true}]}}