{"id":1129,"date":"2023-12-22T14:21:03","date_gmt":"2023-12-22T14:21:03","guid":{"rendered":"https:\/\/neanoticias.com\/?p=1129"},"modified":"2023-12-22T14:21:04","modified_gmt":"2023-12-22T14:21:04","slug":"corrientes-descartan-dos-casos-sospechosos-de-encefalomielitis-equina-en-humanos","status":"publish","type":"post","link":"https:\/\/neanoticias.com\/index.php\/2023\/12\/22\/corrientes-descartan-dos-casos-sospechosos-de-encefalomielitis-equina-en-humanos\/","title":{"rendered":"CORRIENTES: DESCARTAN DOS CASOS SOSPECHOSOS DE ENCEFALOMIELITIS EQUINA EN HUMANOS"},"content":{"rendered":"\n<p>El virus se detect\u00f3 en 922 caballos de 15 provincias y, por el momento, se detect\u00f3 un solo caso en humanos, que fue en Santa Fe.\u00a0<\/p>\n\n\n\n<figure class=\"wp-block-image size-full\"><img loading=\"lazy\" width=\"770\" height=\"440\" src=\"https:\/\/neanoticias.com\/wp-content\/uploads\/2023\/12\/1703216547317.webp\" alt=\"\" class=\"wp-image-1130\" srcset=\"https:\/\/neanoticias.com\/wp-content\/uploads\/2023\/12\/1703216547317.webp 770w, https:\/\/neanoticias.com\/wp-content\/uploads\/2023\/12\/1703216547317-300x171.webp 300w, https:\/\/neanoticias.com\/wp-content\/uploads\/2023\/12\/1703216547317-768x439.webp 768w\" sizes=\"(max-width: 770px) 100vw, 770px\" \/><\/figure>\n\n\n\n<p>Se confirm\u00f3 que en Corrientes hubo dos casos sospechosos de encefalomielitis equina en humanos. El Ministerio de Salud envi\u00f3 las muestras y los resultados se conocieron ayer: dieron negativo.&nbsp;<\/p>\n\n\n\n<p>El ministro de Salud, Ricardo Cardozo, se refiri\u00f3 al primer caso de encefalomielitis equina en humanos detectado en la provincia de Santa Fe. \u201cEstamos trabajando muy fuerte y estrechamente con el Senasa, que es el organismo que encabeza la vigilancia de los casos equinos\u201d, dijo.<\/p>\n\n\n\n<p>&nbsp;\u201cNosotros desde el punto de vista epidemiol\u00f3gico estamos trabajando con ellos cruzando informaci\u00f3n de manera permanente, vigilando a los humanos\u201d.<\/p>\n\n\n\n<p>\u201cSemanas atr\u00e1s, captamos dos casos sospechosos, se enviaron las muestras y fueron descartados afortunadamente. Eso es parte de la vigilancia epidemiol\u00f3gica\u201d, indic\u00f3.<\/p>\n\n\n\n<p>M\u00e1s casos<\/p>\n\n\n\n<p>La Pampa, San Luis y Salta se sumaron a las provincias afectadas por la encefalomielitis equina del oeste (EEO) tras confirmarse la presencia de esa enfermedad en las muestras tomadas a equinos con s\u00edntomas nerviosos y mortandad, posteriormente procesadas por los institutos Nacional de Tecnolog\u00eda Agropecuaria (Inta) de Castelar, \u201cDr. Julio I. Maiztegui\u201d y Vanella de la Universidad Nacional de C\u00f3rdoba (UNC), inform\u00f3 el Servicio Nacional de Sanidad y Calidad Agroalimentaria (Senasa).<\/p>\n\n\n\n<p>Desde el inicio de la emergencia se confirmaron un total de 922 brotes positivos, 28 por diagn\u00f3stico de laboratorio y 894 por diagn\u00f3stico cl\u00ednico (por sintomatolog\u00eda y nexo epidemiol\u00f3gico).<\/p>\n\n\n\n<p>Adem\u00e1s, el Instituto Nacional de Enfermedades Virales Humanas \u201cDr. Julio I. Maiztegui\u201d diagnostic\u00f3 la presencia del virus de EEO en una muestra de la localidad de Baradero (Buenos Aires) de un ovino hembra de 4 meses de edad que hab\u00eda presentado signos nerviosos, conviviente con equinos que presentaron sintomatolog\u00eda cl\u00ednica y mortandades.<\/p>\n\n\n\n<p>Las probabilidades de que el virus de EEO afecte a otras especies animales distintas al equino son bajas y no se encuentra descripto en la bibliograf\u00eda internacional.&nbsp;<\/p>\n\n\n\n<p>Las provincias donde se registraron los brotes, a la fecha, son Buenos Aires, Chaco, Corrientes, C\u00f3rdoba, Santa Fe, Entre R\u00edos, Formosa, Santiago del Estero, R\u00edo Negro, La Pampa, San Luis y Salta.&nbsp;<\/p>\n","protected":false},"excerpt":{"rendered":"<p>El virus se detect\u00f3 en 922 caballos de 15 provincias y, por el momento, se&#8230;<\/p>\n","protected":false},"author":1,"featured_media":1130,"comment_status":"open","ping_status":"open","sticky":false,"template":"","format":"standard","meta":[],"categories":[1],"tags":[],"_links":{"self":[{"href":"https:\/\/neanoticias.com\/index.php\/wp-json\/wp\/v2\/posts\/1129"}],"collection":[{"href":"https:\/\/neanoticias.com\/index.php\/wp-json\/wp\/v2\/posts"}],"about":[{"href":"https:\/\/neanoticias.com\/index.php\/wp-json\/wp\/v2\/types\/post"}],"author":[{"embeddable":true,"href":"https:\/\/neanoticias.com\/index.php\/wp-json\/wp\/v2\/users\/1"}],"replies":[{"embeddable":true,"href":"https:\/\/neanoticias.com\/index.php\/wp-json\/wp\/v2\/comments?post=1129"}],"version-history":[{"count":1,"href":"https:\/\/neanoticias.com\/index.php\/wp-json\/wp\/v2\/posts\/1129\/revisions"}],"predecessor-version":[{"id":1131,"href":"https:\/\/neanoticias.com\/index.php\/wp-json\/wp\/v2\/posts\/1129\/revisions\/1131"}],"wp:featuredmedia":[{"embeddable":true,"href":"https:\/\/neanoticias.com\/index.php\/wp-json\/wp\/v2\/media\/1130"}],"wp:attachment":[{"href":"https:\/\/neanoticias.com\/index.php\/wp-json\/wp\/v2\/media?parent=1129"}],"wp:term":[{"taxonomy":"category","embeddable":true,"href":"https:\/\/neanoticias.com\/index.php\/wp-json\/wp\/v2\/categories?post=1129"},{"taxonomy":"post_tag","embeddable":true,"href":"https:\/\/neanoticias.com\/index.php\/wp-json\/wp\/v2\/tags?post=1129"}],"curies":[{"name":"wp","href":"https:\/\/api.w.org\/{rel}","templated":true}]}}