{"id":1126,"date":"2023-12-22T14:20:04","date_gmt":"2023-12-22T14:20:04","guid":{"rendered":"https:\/\/neanoticias.com\/?p=1126"},"modified":"2023-12-22T14:20:04","modified_gmt":"2023-12-22T14:20:04","slug":"investigan-el-homicidio-de-un-exconvicto","status":"publish","type":"post","link":"https:\/\/neanoticias.com\/index.php\/2023\/12\/22\/investigan-el-homicidio-de-un-exconvicto\/","title":{"rendered":"INVESTIGAN EL HOMICIDIO DE UN EXCONVICTO"},"content":{"rendered":"\n<p>El cuerpo del fallecido fue trasladado para una autopsia ya que al parecer presentar\u00eda un disparo de arma de fuego.\u00a0<\/p>\n\n\n\n<figure class=\"wp-block-image size-full\"><img loading=\"lazy\" width=\"770\" height=\"440\" src=\"https:\/\/neanoticias.com\/wp-content\/uploads\/2023\/12\/1703205669085.webp\" alt=\"\" class=\"wp-image-1127\" srcset=\"https:\/\/neanoticias.com\/wp-content\/uploads\/2023\/12\/1703205669085.webp 770w, https:\/\/neanoticias.com\/wp-content\/uploads\/2023\/12\/1703205669085-300x171.webp 300w, https:\/\/neanoticias.com\/wp-content\/uploads\/2023\/12\/1703205669085-768x439.webp 768w\" sizes=\"(max-width: 770px) 100vw, 770px\" \/><\/figure>\n\n\n\n<p>Un hombre de unos 65 a\u00f1os fue asesinado al parecer de un balazo, en un inh\u00f3spito lugar, denominado paraje Malezal, ubicado en el l\u00edmite con la provincia de Entre R\u00edos, en el departamento de Sauce. Ocurri\u00f3 el mi\u00e9rcoles por la tarde, pero atento a la distancia en que est\u00e1, reci\u00e9n ayer pudieron trasladar el cuerpo para ser sometido a una autopsia.<\/p>\n\n\n\n<p>En virtud de la jurisdicci\u00f3n policial, las actuaciones quedaron en manos de los efectivos de la Comisar\u00eda distrito Libertador, y la investigaci\u00f3n lleva adelante el fiscal de la ciudad de Esquina, Luciano Bord\u00f3n.<\/p>\n\n\n\n<p>Los primeros datos obtenidos indican que el fallecido era conocido como &#8220;Nacho&#8221; Leguiza, un hombre que hace a\u00f1os cumpli\u00f3 condena como responsable de un doble homicidio.<\/p>\n\n\n\n<p>Viv\u00eda en un campo, donde existen unas pocas casas y todo indica que el autor del homicidio ser\u00eda un familiar que ya estar\u00eda identificado, aunque la investigaci\u00f3n est\u00e1 en marcha, los detectives tienen muchas dificultades para avanzar por las condiciones geogr\u00e1ficas.<\/p>\n\n\n\n<p>El paraje Malezal, queda en la Quinta Secci\u00f3n Cuchillas, situado entre las localidades de Esquina y Sauce, donde las personas viven de actividades ganaderas como ser peones en estancias, afirmaron las fuentes.<\/p>\n\n\n\n<p>Lo que a\u00fan no se inform\u00f3 fueron las causas y las circunstancias del tr\u00e1gico enfrentamiento.<\/p>\n\n\n\n<p>&#8220;Nacho muri\u00f3 en su ley, ten\u00eda gran fama de cuchillero y se carg\u00f3 a varios\u201d, fue la descripci\u00f3n que realizaron personas que lo conoc\u00edan y que brindaron su relato a los investigadores, seg\u00fan mencion\u00f3 el portal Actualidad Esquina.&nbsp;<\/p>\n\n\n\n<p>Para que la comitiva policial, integrada por peritos, m\u00e9dicos y representantes de la Fiscal\u00eda lleguen al lugar debieron cruzar por terrenos muy complicados por espacio de 6 horas aproximadamente.<\/p>\n\n\n\n<p>Desde la localidad de Libertador, salieron en veh\u00edculo y avanzaron por la Ruta Provincial 126, hacia el paraje Cuchillas -direcci\u00f3n Oeste- por un lapso de 3 horas aproximadamente.<\/p>\n\n\n\n<p>Luego, se internaron por campos particulares donde solo pod\u00edan avanzar a lomo de caballo.&nbsp;<\/p>\n\n\n\n<p>De ese modo siguieron y atravesaron campos altamente inh\u00f3spitos hasta llegar a la orilla de una laguna. Dejaron all\u00ed los animales y subieron a canoas que los esperaban, con las cuales atravesaron el profundo y extenso curso de agua, con la ayuda de baqueanos.<\/p>\n\n\n\n<p>En la otra costa, nuevamente se montaron a caballo hasta finalmente llegar al paraje donde ocurri\u00f3 la tr\u00e1gica pelea.<\/p>\n\n\n\n<p>En el lugar trabajan peritos y personal de Unidad Regional 2 de Goya, encabezados por el propio director comisario mayor Roque Nicol\u00e1s B\u00e1ez, que sigue de cerca el caso.<\/p>\n","protected":false},"excerpt":{"rendered":"<p>El cuerpo del fallecido fue trasladado para una autopsia ya que al parecer presentar\u00eda un&#8230;<\/p>\n","protected":false},"author":1,"featured_media":1127,"comment_status":"open","ping_status":"open","sticky":false,"template":"","format":"standard","meta":[],"categories":[1],"tags":[],"_links":{"self":[{"href":"https:\/\/neanoticias.com\/index.php\/wp-json\/wp\/v2\/posts\/1126"}],"collection":[{"href":"https:\/\/neanoticias.com\/index.php\/wp-json\/wp\/v2\/posts"}],"about":[{"href":"https:\/\/neanoticias.com\/index.php\/wp-json\/wp\/v2\/types\/post"}],"author":[{"embeddable":true,"href":"https:\/\/neanoticias.com\/index.php\/wp-json\/wp\/v2\/users\/1"}],"replies":[{"embeddable":true,"href":"https:\/\/neanoticias.com\/index.php\/wp-json\/wp\/v2\/comments?post=1126"}],"version-history":[{"count":1,"href":"https:\/\/neanoticias.com\/index.php\/wp-json\/wp\/v2\/posts\/1126\/revisions"}],"predecessor-version":[{"id":1128,"href":"https:\/\/neanoticias.com\/index.php\/wp-json\/wp\/v2\/posts\/1126\/revisions\/1128"}],"wp:featuredmedia":[{"embeddable":true,"href":"https:\/\/neanoticias.com\/index.php\/wp-json\/wp\/v2\/media\/1127"}],"wp:attachment":[{"href":"https:\/\/neanoticias.com\/index.php\/wp-json\/wp\/v2\/media?parent=1126"}],"wp:term":[{"taxonomy":"category","embeddable":true,"href":"https:\/\/neanoticias.com\/index.php\/wp-json\/wp\/v2\/categories?post=1126"},{"taxonomy":"post_tag","embeddable":true,"href":"https:\/\/neanoticias.com\/index.php\/wp-json\/wp\/v2\/tags?post=1126"}],"curies":[{"name":"wp","href":"https:\/\/api.w.org\/{rel}","templated":true}]}}