{"id":1113,"date":"2023-12-15T12:32:59","date_gmt":"2023-12-15T12:32:59","guid":{"rendered":"https:\/\/neanoticias.com\/?p=1113"},"modified":"2023-12-15T12:33:00","modified_gmt":"2023-12-15T12:33:00","slug":"corrientes-con-un-arma-de-fuego-asaltaron-a-trabajadora-de-salud","status":"publish","type":"post","link":"https:\/\/neanoticias.com\/index.php\/2023\/12\/15\/corrientes-con-un-arma-de-fuego-asaltaron-a-trabajadora-de-salud\/","title":{"rendered":"CORRIENTES: CON UN ARMA DE FUEGO, ASALTARON A TRABAJADORA DE SALUD"},"content":{"rendered":"\n<p>Una mujer que trabaja como personal del Hospital de Salud Mental San Francisco de Asis fue atacada violentamente por tres sujetos j\u00f3venes en inmediaciones del &#8220;tanque de las Mil Viviendas&#8221;. Los malvivientes utilizaron un arma de fuego y ser\u00edan conocidos en la zona. Ocurri\u00f3 esta madrugada cerca de las 5.<\/p>\n\n\n\n<figure class=\"wp-block-image size-full\"><img loading=\"lazy\" width=\"762\" height=\"364\" src=\"https:\/\/neanoticias.com\/wp-content\/uploads\/2023\/12\/1336844w762h364c.webp.webp\" alt=\"\" class=\"wp-image-1114\" srcset=\"https:\/\/neanoticias.com\/wp-content\/uploads\/2023\/12\/1336844w762h364c.webp.webp 762w, https:\/\/neanoticias.com\/wp-content\/uploads\/2023\/12\/1336844w762h364c.webp-300x143.webp 300w\" sizes=\"(max-width: 762px) 100vw, 762px\" \/><\/figure>\n\n\n\n<p>Tres sujetos j\u00f3venes, armados con un rev\u00f3lver, abordaron a una mujer que esperaba el colectivo en inmediaciones de avenida Paysand\u00fa y calle Rafaela, a metros del conocido &#8220;tanque de las Mil&#8221;.&nbsp; &nbsp;&nbsp;<\/p>\n\n\n\n<p>Ocurri\u00f3 pasadas las 5 de la ma\u00f1ana y la se\u00f1ora mayor de edad estaba yendo a su lugar de trabajo en el Hospital San Francisco de Asis.<\/p>\n\n\n\n<p>Los delincuentes se llevaron algunos elementos de valor que ten\u00eda la mujer, pero no terminaron de consumar el delito debido a que los gritos de la v\u00edctima alertaron a los vecinos que salieron en su ayuda.<\/p>\n","protected":false},"excerpt":{"rendered":"<p>Una mujer que trabaja como personal del Hospital de Salud Mental San Francisco de Asis&#8230;<\/p>\n","protected":false},"author":1,"featured_media":0,"comment_status":"open","ping_status":"open","sticky":false,"template":"","format":"standard","meta":[],"categories":[1],"tags":[],"_links":{"self":[{"href":"https:\/\/neanoticias.com\/index.php\/wp-json\/wp\/v2\/posts\/1113"}],"collection":[{"href":"https:\/\/neanoticias.com\/index.php\/wp-json\/wp\/v2\/posts"}],"about":[{"href":"https:\/\/neanoticias.com\/index.php\/wp-json\/wp\/v2\/types\/post"}],"author":[{"embeddable":true,"href":"https:\/\/neanoticias.com\/index.php\/wp-json\/wp\/v2\/users\/1"}],"replies":[{"embeddable":true,"href":"https:\/\/neanoticias.com\/index.php\/wp-json\/wp\/v2\/comments?post=1113"}],"version-history":[{"count":1,"href":"https:\/\/neanoticias.com\/index.php\/wp-json\/wp\/v2\/posts\/1113\/revisions"}],"predecessor-version":[{"id":1115,"href":"https:\/\/neanoticias.com\/index.php\/wp-json\/wp\/v2\/posts\/1113\/revisions\/1115"}],"wp:attachment":[{"href":"https:\/\/neanoticias.com\/index.php\/wp-json\/wp\/v2\/media?parent=1113"}],"wp:term":[{"taxonomy":"category","embeddable":true,"href":"https:\/\/neanoticias.com\/index.php\/wp-json\/wp\/v2\/categories?post=1113"},{"taxonomy":"post_tag","embeddable":true,"href":"https:\/\/neanoticias.com\/index.php\/wp-json\/wp\/v2\/tags?post=1113"}],"curies":[{"name":"wp","href":"https:\/\/api.w.org\/{rel}","templated":true}]}}