{"id":1110,"date":"2023-12-15T12:28:58","date_gmt":"2023-12-15T12:28:58","guid":{"rendered":"https:\/\/neanoticias.com\/?p=1110"},"modified":"2023-12-15T12:28:59","modified_gmt":"2023-12-15T12:28:59","slug":"adolescente-herido-de-un-balazo-al-ser-asaltado-por-motochorros","status":"publish","type":"post","link":"https:\/\/neanoticias.com\/index.php\/2023\/12\/15\/adolescente-herido-de-un-balazo-al-ser-asaltado-por-motochorros\/","title":{"rendered":"ADOLESCENTE HERIDO DE UN BALAZO AL SER ASALTADO POR MOTOCHORROS"},"content":{"rendered":"\n<p>La v\u00edctima de 15 a\u00f1os iba hacia una parada de colectivos. Dos delincuentes lo cruzaron y le habr\u00edan disparado a quemarropa pese a no ofrecer resistencia. As\u00ed sustrajeron un celular. Segundo caso de extremada violencia delictiva. El martes hab\u00edan apu\u00f1alado a un ciclista.<\/p>\n\n\n\n<figure class=\"wp-block-image size-full\"><img loading=\"lazy\" width=\"762\" height=\"558\" src=\"https:\/\/neanoticias.com\/wp-content\/uploads\/2023\/12\/1336801w762h558c.jpg.webp\" alt=\"\" class=\"wp-image-1111\" srcset=\"https:\/\/neanoticias.com\/wp-content\/uploads\/2023\/12\/1336801w762h558c.jpg.webp 762w, https:\/\/neanoticias.com\/wp-content\/uploads\/2023\/12\/1336801w762h558c.jpg-300x220.webp 300w\" sizes=\"(max-width: 762px) 100vw, 762px\" \/><\/figure>\n\n\n\n<p>Un adolescente de 15 a\u00f1os fue herido de un disparo por dos motochorros que lo asaltaron en la calle con el fin de robar un celular.<\/p>\n\n\n\n<p>El atraco se produjo el mi\u00e9rcoles a la tarde en inmediaciones a una parada de colectivos de la zona sureste de la capital provincial, seg\u00fan explicaron fuentes oficiales.<\/p>\n\n\n\n<p>Se trata del segundo caso de extremada violencia delictiva registrado en la semana.<\/p>\n\n\n\n<p>El martes, a plena luz del d\u00eda, un ciclista de 18 a\u00f1os result\u00f3 apu\u00f1alado mientras sufr\u00eda la sustracci\u00f3n de su veh\u00edculo, a poca distancia de un establecimiento escolar.<\/p>\n\n\n\n<p>Respecto al hecho m\u00e1s reciente, el menor se encuentra fuera de peligro y, seg\u00fan informaci\u00f3n brindada desde la Polic\u00eda, el impacto de un proyectil de arma de fuego ocasion\u00f3 &#8220;un orificio de entrada&#8221; y otro &#8220;de salida&#8221; en la zona baja de la pierna izquierda.<\/p>\n\n\n\n<p>Ayer, distintas \u00e1reas de investigaciones de la fuerza provincial estaban trabajando en el caso y con el aporte de datos de vecinos tendr\u00edan en la mira a dos sospechosos.<\/p>\n\n\n\n<p>El jovencito llamado Santino fue atacado alrededor de las 18:30 en la esquina de las calles Palermo y S\u00e1nchez de Bustamante, en el barrio Nuestra Se\u00f1ora de la Asunci\u00f3n.<\/p>\n\n\n\n<p>Personas que estaban en los alrededores no dudaron en prestar ayuda inmediata al chico.<\/p>\n\n\n\n<p>El menor manifest\u00f3 abiertamente ser v\u00edctima de un robo en la v\u00eda p\u00fablica, al rato de salir de la vivienda de un amigo.<\/p>\n\n\n\n<p>Los autores del disparo a quemarropa escaparon en una motocicleta tipo 110.<\/p>\n\n\n\n<p>La detonaci\u00f3n fue realizada a\u00fan cuando la v\u00edctima &#8220;no resisti\u00f3 en ning\u00fan momento&#8221;.<\/p>\n\n\n\n<p>Ambos motochorros habr\u00edan protagonizado otro delito pocos d\u00edas antes. &#8220;El arrebato a una chica&#8221;, seg\u00fan dejaron entrever en el vecindario.<\/p>\n\n\n\n<p>Las autoridades contaban con la imagen de una c\u00e1mara de seguridad en la que figurar\u00edan los presuntos responsables del asalto al adolescente.<\/p>\n\n\n\n<p>No es un video del momento del robo sino de horas antes, aunque a decir de la gente del barrio ser\u00edan &#8220;los motochorros&#8221; ahora buscados.<\/p>\n\n\n\n<p>En la imagen a la cual accedi\u00f3 \u00e9poca se aprecia que ser\u00edan j\u00f3venes de entre 18 y 25 a\u00f1os movilizados en una motocicleta blanca.<\/p>\n\n\n\n<p>Santino ingres\u00f3 al hospital pedi\u00e1trico Juan Pablo II, en el que los m\u00e9dicos se\u00f1alaron a la Polic\u00eda que se halla fuera de peligro.<\/p>\n\n\n\n<p>La causa de robo calificado recay\u00f3 en la comisar\u00eda seccional Decimoctava. Hasta anoche los asaltantes continuaban en calidad de pr\u00f3fugos.<\/p>\n\n\n\n<h2>Acuchillado<\/h2>\n\n\n\n<p>El martes pasadas las 16, un muchacho de 18 a\u00f1os circulaba en su bicicleta a una cuadra de la escuela Uocra del barrio Codepro. A pocos metros de la esquina entre calles Gobernador Velazco y La Pampa fue interceptado por parte de un delincuente armado con un cuchillo.<\/p>\n\n\n\n<p>Al pasar al lado del desconocido el joven result\u00f3 agredido con el arma blanca. Fue un ataque sin mediar palabras y como saldo cay\u00f3 al pavimento, mientras acusaba una lesi\u00f3n punzocortante.<\/p>\n\n\n\n<p>Pese a la herida intent\u00f3 dar persecuci\u00f3n al malviviente, aunque a escasa distancia comenz\u00f3 a pedir ayuda para su traslado a un centro de salud.<\/p>\n\n\n\n<p>Varios patrulleros con efectivos del Departamento de Distritos Policiales y Unidades Operativas (Comando), comisar\u00eda seccional S\u00e9ptima y Grupo de Respuesta Inmediata Motorizada, rastrillaron la zona sin localizar al asaltante. Mientras, el joven era llevado en ambulancia a emergencias del hospital Vidal.<\/p>\n\n\n\n<p>El asaltante continuaba pr\u00f3fugo y la bicicleta sin ser recuperada.<\/p>\n","protected":false},"excerpt":{"rendered":"<p>La v\u00edctima de 15 a\u00f1os iba hacia una parada de colectivos. Dos delincuentes lo cruzaron&#8230;<\/p>\n","protected":false},"author":1,"featured_media":1111,"comment_status":"open","ping_status":"open","sticky":false,"template":"","format":"standard","meta":[],"categories":[1],"tags":[],"_links":{"self":[{"href":"https:\/\/neanoticias.com\/index.php\/wp-json\/wp\/v2\/posts\/1110"}],"collection":[{"href":"https:\/\/neanoticias.com\/index.php\/wp-json\/wp\/v2\/posts"}],"about":[{"href":"https:\/\/neanoticias.com\/index.php\/wp-json\/wp\/v2\/types\/post"}],"author":[{"embeddable":true,"href":"https:\/\/neanoticias.com\/index.php\/wp-json\/wp\/v2\/users\/1"}],"replies":[{"embeddable":true,"href":"https:\/\/neanoticias.com\/index.php\/wp-json\/wp\/v2\/comments?post=1110"}],"version-history":[{"count":1,"href":"https:\/\/neanoticias.com\/index.php\/wp-json\/wp\/v2\/posts\/1110\/revisions"}],"predecessor-version":[{"id":1112,"href":"https:\/\/neanoticias.com\/index.php\/wp-json\/wp\/v2\/posts\/1110\/revisions\/1112"}],"wp:featuredmedia":[{"embeddable":true,"href":"https:\/\/neanoticias.com\/index.php\/wp-json\/wp\/v2\/media\/1111"}],"wp:attachment":[{"href":"https:\/\/neanoticias.com\/index.php\/wp-json\/wp\/v2\/media?parent=1110"}],"wp:term":[{"taxonomy":"category","embeddable":true,"href":"https:\/\/neanoticias.com\/index.php\/wp-json\/wp\/v2\/categories?post=1110"},{"taxonomy":"post_tag","embeddable":true,"href":"https:\/\/neanoticias.com\/index.php\/wp-json\/wp\/v2\/tags?post=1110"}],"curies":[{"name":"wp","href":"https:\/\/api.w.org\/{rel}","templated":true}]}}