{"id":1096,"date":"2023-11-30T14:25:04","date_gmt":"2023-11-30T14:25:04","guid":{"rendered":"https:\/\/neanoticias.com\/?p=1096"},"modified":"2023-11-30T14:25:05","modified_gmt":"2023-11-30T14:25:05","slug":"mercado-pago-las-cuentas-bancarias-dejaran-de-estar-vinculadas","status":"publish","type":"post","link":"https:\/\/neanoticias.com\/index.php\/2023\/11\/30\/mercado-pago-las-cuentas-bancarias-dejaran-de-estar-vinculadas\/","title":{"rendered":"MERCADO PAGO: LAS CUENTAS BANCARIAS DEJAR\u00c1N DE ESTAR VINCULADAS"},"content":{"rendered":"\n<p>As\u00ed lo inform\u00f3 la empresa a todos los usuarios de la billetera virtual y advirti\u00f3 que se debe a una norma dispuesta por el Banco Central.<\/p>\n\n\n\n<figure class=\"wp-block-image size-full\"><img loading=\"lazy\" width=\"700\" height=\"524\" src=\"https:\/\/neanoticias.com\/wp-content\/uploads\/2023\/11\/217706.jpg_nota.jpg\" alt=\"\" class=\"wp-image-1097\" srcset=\"https:\/\/neanoticias.com\/wp-content\/uploads\/2023\/11\/217706.jpg_nota.jpg 700w, https:\/\/neanoticias.com\/wp-content\/uploads\/2023\/11\/217706.jpg_nota-300x225.jpg 300w\" sizes=\"(max-width: 700px) 100vw, 700px\" \/><\/figure>\n\n\n\n<p>Mercado Pago&nbsp;advirti\u00f3 hoy a todos sus usuarios que&nbsp;sus cuentas bancarias dejar\u00e1n de estar vinculadas a la billetera virtual&nbsp;debido a un cambio efectuado por el&nbsp;Banco Central&nbsp;para la transferencias de fondos a plataformas, lo que&nbsp;afectar\u00e1 a m\u00e1s de 4 millones de usuarios.<\/p>\n\n\n\n<p>\u201cPor una norma del Banco Central, desde el 1 de diciembre ya no tendr\u00e1s vinculada tu cuenta bancaria a Mercado Pago\u201d, expresaron en el comunicado difundido este mi\u00e9rcoles.<\/p>\n\n\n\n<p>Explicaron que&nbsp;\u201clas nuevas normativas \u201cA\u201d 7514 y \u201cA\u201d 7841 del Banco Central afectar\u00e1n a m\u00e1s de 4 millones de personas que usan D\u00e9bito Inmediato (DEBIN) para ingresar dinero a sus cuentas de Mercado Pago\u201d.<\/p>\n\n\n\n<p>La normativa del Banco Central establece que los participantes del sistema nacional de pagos, bancos y billeteras virtuales que actualmente usan Debin para fondear cuentas deber\u00e1n discontinuar esa operatoria y habilitar a sus clientes las Transferencias Inmediatas Pull. El cambio se hizo bajo el argumento de &#8220;prevenir casos de fraude&#8221;.<\/p>\n\n\n\n<p>Recordaron que los usuarios\u00a0podr\u00e1n seguir \u201cingresando dinero en la cuenta mediante transferencia bancaria, que es gratuita y se acredita al instante\u201d.<\/p>\n\n\n\n<p>Desde el equipo de Mercado Pago expresaron que est\u00e1n \u201cesperando una respuesta del Banco Central para solucionar este problema\u201d.<\/p>\n\n\n\n<p>La problem\u00e1tica entre la empresa y el Banco Central lleva meses. En septiembre de este a\u00f1o el propio fundador y CEO de Mercado Pago,&nbsp;Marcos Galper\u00edn, hab\u00eda criticado la normativa&nbsp;que establece el cambio del fondeo de cuentas a trav\u00e9s de Debin.<\/p>\n\n\n\n<h2><strong>C\u00f3mo funcionar\u00e1 Mercado Pago a partir de diciembre<\/strong><\/h2>\n\n\n\n<p>A partir del 1o de diciembre&nbsp;los participantes del sistema nacional de pagos -es decir, los bancos y las billeteras virtuales como Mercado Pago- que actualmente usan DEBIN recurrente para transferir fondos a cuentas deber\u00e1n discontinuar esa operatoria&nbsp;y habilitar a sus clientes las transferencias inmediatas &#8220;pull&#8221;.<\/p>\n\n\n\n<p>De acuerdo al glosario de pagos minoristas del Banco Central, una transferencia inmediata &#8220;pull&#8221; son las &#8220;solicitudes o pedidos de fondos que permiten mediante el d\u00e9bito de la cuenta -a la vista o de pago- del cliente receptor de la solicitud y previa autorizaci\u00f3n o consentimiento, la acreditaci\u00f3n inmediata de fondos en la cuenta del cliente solicitante&#8221;.<\/p>\n\n\n\n<h2><strong>Pero&nbsp;\u00bfc\u00f3mo cambiar\u00e1 la operatoria de Mercado Pago a partir de esta disposici\u00f3n?<\/strong><\/h2>\n\n\n\n<p>Hasta ahora los usuarios de Mercado Pago transfer\u00edan fondos desde sus cuentas bancarias asociadas a la de CVU de la plataforma y&nbsp;cobraban intereses mientras no usaran ese dinero.<\/p>\n\n\n\n<p>A partir del 1o de diciembre se fijar\u00e1 un l\u00edmite diario de 2.500 UVA (alrededor de $727.000 a septiembre de 2023) por cuenta para ordenar transferencias inmediatas &#8220;pull&#8221;, y s\u00f3lo podr\u00e1n usar esta modalidad los proveedores de servicios de pago que est\u00e9n inscritos en el Registro de billeteras digitales interoperables.<\/p>\n\n\n\n<h2><strong>El&nbsp;cambio de DEBIN a la Transferencia Inmediata &#8220;Pull&#8221; es obligatorio.<\/strong><\/h2>\n\n\n\n<p>Se podr\u00e1 usar este tipo de transferencia en cajas de ahorro, cuentas sueldo y de la seguridad social, cajas de ahorro para el pago de planes y programas de ayuda social, cajas de ahorro destinadas a menores de edad adolescentes y cuenta gratuita universal.<\/p>\n\n\n\n<p><a href=\"https:\/\/www.radiosudamericana.com\/notix\/multimedia\/imagenes\/fotos\/2023-11-30\/858937.jpg\"><\/a><\/p>\n","protected":false},"excerpt":{"rendered":"<p>As\u00ed lo inform\u00f3 la empresa a todos los usuarios de la billetera virtual y advirti\u00f3&#8230;<\/p>\n","protected":false},"author":1,"featured_media":1097,"comment_status":"open","ping_status":"open","sticky":false,"template":"","format":"standard","meta":[],"categories":[1],"tags":[],"_links":{"self":[{"href":"https:\/\/neanoticias.com\/index.php\/wp-json\/wp\/v2\/posts\/1096"}],"collection":[{"href":"https:\/\/neanoticias.com\/index.php\/wp-json\/wp\/v2\/posts"}],"about":[{"href":"https:\/\/neanoticias.com\/index.php\/wp-json\/wp\/v2\/types\/post"}],"author":[{"embeddable":true,"href":"https:\/\/neanoticias.com\/index.php\/wp-json\/wp\/v2\/users\/1"}],"replies":[{"embeddable":true,"href":"https:\/\/neanoticias.com\/index.php\/wp-json\/wp\/v2\/comments?post=1096"}],"version-history":[{"count":1,"href":"https:\/\/neanoticias.com\/index.php\/wp-json\/wp\/v2\/posts\/1096\/revisions"}],"predecessor-version":[{"id":1098,"href":"https:\/\/neanoticias.com\/index.php\/wp-json\/wp\/v2\/posts\/1096\/revisions\/1098"}],"wp:featuredmedia":[{"embeddable":true,"href":"https:\/\/neanoticias.com\/index.php\/wp-json\/wp\/v2\/media\/1097"}],"wp:attachment":[{"href":"https:\/\/neanoticias.com\/index.php\/wp-json\/wp\/v2\/media?parent=1096"}],"wp:term":[{"taxonomy":"category","embeddable":true,"href":"https:\/\/neanoticias.com\/index.php\/wp-json\/wp\/v2\/categories?post=1096"},{"taxonomy":"post_tag","embeddable":true,"href":"https:\/\/neanoticias.com\/index.php\/wp-json\/wp\/v2\/tags?post=1096"}],"curies":[{"name":"wp","href":"https:\/\/api.w.org\/{rel}","templated":true}]}}