{"id":1093,"date":"2023-11-30T14:22:17","date_gmt":"2023-11-30T14:22:17","guid":{"rendered":"https:\/\/neanoticias.com\/?p=1093"},"modified":"2023-11-30T14:22:18","modified_gmt":"2023-11-30T14:22:18","slug":"misiones-un-obrero-murio-tras-caer-de-un-edificio-en-construccion","status":"publish","type":"post","link":"https:\/\/neanoticias.com\/index.php\/2023\/11\/30\/misiones-un-obrero-murio-tras-caer-de-un-edificio-en-construccion\/","title":{"rendered":"MISIONES: UN OBRERO MURI\u00d3 TRAS CAER DE UN EDIFICIO EN CONSTRUCCI\u00d3N"},"content":{"rendered":"\n<p>Un hombre de 38 a\u00f1os perdi\u00f3 la vida esta ma\u00f1ana al caer desde el noveno piso de una obra en construcci\u00f3n de la\u00a0ciudad de Ober\u00e1, en la que se hallaba trabajando.<\/p>\n\n\n\n<figure class=\"wp-block-image size-full\"><img loading=\"lazy\" width=\"700\" height=\"551\" src=\"https:\/\/neanoticias.com\/wp-content\/uploads\/2023\/11\/130474.png_nota-1.jpg\" alt=\"\" class=\"wp-image-1094\" srcset=\"https:\/\/neanoticias.com\/wp-content\/uploads\/2023\/11\/130474.png_nota-1.jpg 700w, https:\/\/neanoticias.com\/wp-content\/uploads\/2023\/11\/130474.png_nota-1-300x236.jpg 300w\" sizes=\"(max-width: 700px) 100vw, 700px\" \/><\/figure>\n\n\n\n<p>El \u00faltimo lunes 27 de noviembre, el trabajador habr\u00eda comenzado su actividad laboral en la empresa.<\/p>\n\n\n\n<p>La Polic\u00eda tom\u00f3 conocimiento del hecho cerca de las 10:30 horas de hoy v\u00eda CIO 911, asistiendo al lugar efectivos de la Comisar\u00eda Primera y Divisi\u00f3n Prevenci\u00f3n de Delitos, que solicitaron la presencia de una ambulancia del Hospital Samic, cuyo profesional interviniente constat\u00f3 el fallecimiento del obrero.<\/p>\n\n\n\n<p>Por otra parte, trabajaron\u00a0en el lugar el m\u00e9dico policial y personal de la Divisi\u00f3n Polic\u00eda Cient\u00edfica, a cargo de las pericias de rigor.<\/p>\n","protected":false},"excerpt":{"rendered":"<p>Un hombre de 38 a\u00f1os perdi\u00f3 la vida esta ma\u00f1ana al caer desde el noveno&#8230;<\/p>\n","protected":false},"author":1,"featured_media":1094,"comment_status":"open","ping_status":"open","sticky":false,"template":"","format":"standard","meta":[],"categories":[1],"tags":[],"_links":{"self":[{"href":"https:\/\/neanoticias.com\/index.php\/wp-json\/wp\/v2\/posts\/1093"}],"collection":[{"href":"https:\/\/neanoticias.com\/index.php\/wp-json\/wp\/v2\/posts"}],"about":[{"href":"https:\/\/neanoticias.com\/index.php\/wp-json\/wp\/v2\/types\/post"}],"author":[{"embeddable":true,"href":"https:\/\/neanoticias.com\/index.php\/wp-json\/wp\/v2\/users\/1"}],"replies":[{"embeddable":true,"href":"https:\/\/neanoticias.com\/index.php\/wp-json\/wp\/v2\/comments?post=1093"}],"version-history":[{"count":1,"href":"https:\/\/neanoticias.com\/index.php\/wp-json\/wp\/v2\/posts\/1093\/revisions"}],"predecessor-version":[{"id":1095,"href":"https:\/\/neanoticias.com\/index.php\/wp-json\/wp\/v2\/posts\/1093\/revisions\/1095"}],"wp:featuredmedia":[{"embeddable":true,"href":"https:\/\/neanoticias.com\/index.php\/wp-json\/wp\/v2\/media\/1094"}],"wp:attachment":[{"href":"https:\/\/neanoticias.com\/index.php\/wp-json\/wp\/v2\/media?parent=1093"}],"wp:term":[{"taxonomy":"category","embeddable":true,"href":"https:\/\/neanoticias.com\/index.php\/wp-json\/wp\/v2\/categories?post=1093"},{"taxonomy":"post_tag","embeddable":true,"href":"https:\/\/neanoticias.com\/index.php\/wp-json\/wp\/v2\/tags?post=1093"}],"curies":[{"name":"wp","href":"https:\/\/api.w.org\/{rel}","templated":true}]}}