{"id":1089,"date":"2023-11-30T14:17:25","date_gmt":"2023-11-30T14:17:25","guid":{"rendered":"https:\/\/neanoticias.com\/?p=1089"},"modified":"2023-11-30T14:17:25","modified_gmt":"2023-11-30T14:17:25","slug":"ninos-de-los-cdi-municipales-celebraronangeles-somos-con-un-desfile-por-la-peatonal","status":"publish","type":"post","link":"https:\/\/neanoticias.com\/index.php\/2023\/11\/30\/ninos-de-los-cdi-municipales-celebraronangeles-somos-con-un-desfile-por-la-peatonal\/","title":{"rendered":"NI\u00d1OS DE LOS CDI MUNICIPALES CELEBRARON<br>\u00c1NGELES SOMOS CON UN DESFILE POR LA PEATONAL"},"content":{"rendered":"\n<p><em>Los peque\u00f1os de los jardines maternales de los barrios San Marcos y San Benito de las salas de 3 y 4 a\u00f1os recorrieron la Jun\u00edn reviviendo\u00a0la antigua tradici\u00f3n cultural. Los alumnos de los otros CDI realizaron tambi\u00e9n similares actividades en sus respectivas zonas.<\/em><\/p>\n\n\n\n<figure class=\"wp-block-image size-large\"><img loading=\"lazy\" width=\"1024\" height=\"682\" src=\"https:\/\/neanoticias.com\/wp-content\/uploads\/2023\/11\/3d30d409-b762-931d-2019-d2bc2a8525a9-1024x682.jpeg\" alt=\"\" class=\"wp-image-1090\" srcset=\"https:\/\/neanoticias.com\/wp-content\/uploads\/2023\/11\/3d30d409-b762-931d-2019-d2bc2a8525a9-1024x682.jpeg 1024w, https:\/\/neanoticias.com\/wp-content\/uploads\/2023\/11\/3d30d409-b762-931d-2019-d2bc2a8525a9-300x200.jpeg 300w, https:\/\/neanoticias.com\/wp-content\/uploads\/2023\/11\/3d30d409-b762-931d-2019-d2bc2a8525a9-768x512.jpeg 768w, https:\/\/neanoticias.com\/wp-content\/uploads\/2023\/11\/3d30d409-b762-931d-2019-d2bc2a8525a9.jpeg 1280w\" sizes=\"(max-width: 1024px) 100vw, 1024px\" \/><\/figure>\n\n\n\n<p>En una actividad organizada por la Municipalidad, a trav\u00e9s de la Secretar\u00eda de Cultura y Educaci\u00f3n, la antigua tradici\u00f3n cultural correntina de \u00c1ngeles Somos fue recreada este mi\u00e9rcoles en la peatonal Jun\u00edn por un contingente de ni\u00f1os de las salas de 3 y 4 a\u00f1os de los Centros de Desarrollo Infantil (CDI) municipales de los barrios San Marcos y San Benito.<\/p>\n\n\n\n<p>El secretario de Cultura y Educaci\u00f3n municipal, Jos\u00e9 Sand, coordin\u00f3 la actividad y afirm\u00f3 que \u201cla Municipalidad viene fortaleciendo esta tradici\u00f3n tan emblem\u00e1tica y arraigada en la sociedad correntina, contando, adem\u00e1s, con la participaci\u00f3n de los m\u00e1s peque\u00f1os\u201d.<\/p>\n\n\n\n<p>El funcionario detall\u00f3 que los alumnos de los CDI recorrieron \u201ctoda la peatonal Jun\u00edn, interactuando con los vecinos y comerciantes para contagiar a los adultos este significado tan importante que tiene \u00c1ngeles Somos\u201d.<\/p>\n\n\n\n<p>En ese sentido, Sand sostuvo que estas actividades permiten que los ni\u00f1os \u201ctengan un sentido de pertenencia en estas fiestas o en estas fechas tan tradicionales y, por supuesto, tambi\u00e9n trasladarlas a las casas de cada uno, porque ellos tambi\u00e9n comparten esta experiencia con sus padres\u201d.<\/p>\n\n\n\n<p>Asimismo, el secretario de Cultura y Educaci\u00f3n se\u00f1al\u00f3 que \u201ccada uno del Centro de Desarrollo Infantil va a trabajar en sostener esta fiesta en los barrios, por eso ellos quedan en su zona para salir a recorrer cada una de las casas\u201d.<\/p>\n\n\n\n<p>Por su parte, la directora general de los CDI, Vanessa Romaniv, afirm\u00f3 que es importante revalorizar esta tradici\u00f3n \u201csobre todo cuando tenemos tantas influencias de culturas ajenas\u201d.<\/p>\n\n\n\n<p>Romaniv detall\u00f3 que \u201clos chicos dieron su mensaje con el canto tradicional de \u00c1ngeles Somos, y aparte, tienen su souvenir, su tarjetita y van a decir el cantito que ya vienen practicando con las docentes\u201d.<\/p>\n\n\n\n<p>PARTICIPACI\u00d3N<\/p>\n\n\n\n<p>Entre tanto, la jefa de Departamento del CDI N\u00b0 IX del barrio San Benito, M\u00f3nica Mora, destac\u00f3 que se viene trabajando \u201cen conjunto con la familia, y hoy sobre todo, queremos revivir la cultura de la provincia\u201d.<\/p>\n\n\n\n<p>Adem\u00e1s, la docente a\u00f1adi\u00f3: \u201cPara nosotros es importante la participaci\u00f3n de la familia en los CDI, que acompa\u00f1en a sus ni\u00f1os constantemente\u201d.<\/p>\n","protected":false},"excerpt":{"rendered":"<p>Los peque\u00f1os de los jardines maternales de los barrios San Marcos y San Benito de&#8230;<\/p>\n","protected":false},"author":1,"featured_media":1090,"comment_status":"open","ping_status":"open","sticky":false,"template":"","format":"standard","meta":[],"categories":[1],"tags":[],"_links":{"self":[{"href":"https:\/\/neanoticias.com\/index.php\/wp-json\/wp\/v2\/posts\/1089"}],"collection":[{"href":"https:\/\/neanoticias.com\/index.php\/wp-json\/wp\/v2\/posts"}],"about":[{"href":"https:\/\/neanoticias.com\/index.php\/wp-json\/wp\/v2\/types\/post"}],"author":[{"embeddable":true,"href":"https:\/\/neanoticias.com\/index.php\/wp-json\/wp\/v2\/users\/1"}],"replies":[{"embeddable":true,"href":"https:\/\/neanoticias.com\/index.php\/wp-json\/wp\/v2\/comments?post=1089"}],"version-history":[{"count":1,"href":"https:\/\/neanoticias.com\/index.php\/wp-json\/wp\/v2\/posts\/1089\/revisions"}],"predecessor-version":[{"id":1091,"href":"https:\/\/neanoticias.com\/index.php\/wp-json\/wp\/v2\/posts\/1089\/revisions\/1091"}],"wp:featuredmedia":[{"embeddable":true,"href":"https:\/\/neanoticias.com\/index.php\/wp-json\/wp\/v2\/media\/1090"}],"wp:attachment":[{"href":"https:\/\/neanoticias.com\/index.php\/wp-json\/wp\/v2\/media?parent=1089"}],"wp:term":[{"taxonomy":"category","embeddable":true,"href":"https:\/\/neanoticias.com\/index.php\/wp-json\/wp\/v2\/categories?post=1089"},{"taxonomy":"post_tag","embeddable":true,"href":"https:\/\/neanoticias.com\/index.php\/wp-json\/wp\/v2\/tags?post=1089"}],"curies":[{"name":"wp","href":"https:\/\/api.w.org\/{rel}","templated":true}]}}