{"id":1086,"date":"2023-11-30T14:16:16","date_gmt":"2023-11-30T14:16:16","guid":{"rendered":"https:\/\/neanoticias.com\/?p=1086"},"modified":"2023-11-30T14:16:16","modified_gmt":"2023-11-30T14:16:16","slug":"abuso-en-santo-tome-uno-de-los-acusados-estuvo-preso-por-homicidio","status":"publish","type":"post","link":"https:\/\/neanoticias.com\/index.php\/2023\/11\/30\/abuso-en-santo-tome-uno-de-los-acusados-estuvo-preso-por-homicidio\/","title":{"rendered":"ABUSO EN SANTO TOM\u00c9: UNO DE LOS ACUSADOS ESTUVO PRESO POR HOMICIDIO"},"content":{"rendered":"\n<p>El caso de una menor de edad que habr\u00eda sido abusada sexualmente por sus dos t\u00edos en la localidad de Santo Tom\u00e9 conmocion\u00f3 a la comunidad. Viviana Rodr\u00edguez Bonutti, abogada de la familia de la ni\u00f1a, habl\u00f3 con Sudamericana y dio detalles del caso. Seg\u00fan sus palabras, uno de los supuestos abusadores hab\u00eda cumplido condena por homicidio antes de convivir con la v\u00edctima. Un informe m\u00e9dico acredit\u00f3 que la ni\u00f1a fue v\u00edctima\u00a0de abuso.<\/p>\n\n\n\n<figure class=\"wp-block-image size-full\"><img loading=\"lazy\" width=\"700\" height=\"466\" src=\"https:\/\/neanoticias.com\/wp-content\/uploads\/2023\/11\/261190.jpg_nota.jpg\" alt=\"\" class=\"wp-image-1087\" srcset=\"https:\/\/neanoticias.com\/wp-content\/uploads\/2023\/11\/261190.jpg_nota.jpg 700w, https:\/\/neanoticias.com\/wp-content\/uploads\/2023\/11\/261190.jpg_nota-300x200.jpg 300w\" sizes=\"(max-width: 700px) 100vw, 700px\" \/><\/figure>\n\n\n\n<p><strong>Los dos hermanos acusados de abusar sexualmente de su sobrina de 11 a\u00f1os en la localidad correntina de Santo Tom\u00e9 permanecen detenidos<\/strong>&nbsp;mientras se llevan a cabo las investigaciones alrededor del caso.<\/p>\n\n\n\n<p>En este contexto dialog\u00f3 con Radio Sudamericana\u00a0<strong>Viviana Rodr\u00edguez Bonutti, abogada de la familia de la ni\u00f1a implicada en la causa<\/strong>.<\/p>\n\n\n\n<p>\u201c<strong>En cuanto al informe m\u00e9dico, estar\u00eda acreditado el abuso sexual contra la ni\u00f1a<\/strong>. Ma\u00f1ana (por viernes) se realizar\u00e1 la C\u00e1mara Gesell para obtener datos fundamentales para este tipo de casos\u201d, comenz\u00f3 diciendo la abogada.<\/p>\n\n\n\n<p>Y detall\u00f3: \u201cLos abusadores tienen 23 y 39 a\u00f1os de edad, siendo ambos hermanos de la madre de la ni\u00f1a abusada. Ellas vinieron hace 3 a\u00f1os a Santo Tom\u00e9 porque antes viv\u00edan con el padre de las ni\u00f1as en Buenos Aires. La madre y sus 3 hijas decidieron venir a la casa de la abuela materna en Santo Tom\u00e9.<strong>&nbsp;Desde esa \u00e9poca vivieron con uno de sus agresores, que es el de 23 a\u00f1os, y desde hace 8 meses fue a vivir a la casa el otro t\u00edo, el de 39 a\u00f1os. Hab\u00eda estado preso por homicidio y fue puesto en libertad.<\/strong>&nbsp;Ambos ser\u00edan sus abusadores y desde hace un tiempo prolongado\u201d.<\/p>\n\n\n\n<p>Con respecto a c\u00f3mo la madre de la ni\u00f1a se entera de la existencia de los abusos, la abogada de la familia dijo lo siguiente: \u201cEl 19 de noviembre, la mam\u00e1 fue a votar y cuando volvi\u00f3 a su domicilio, la abuela de la menor se encontraba llorando y en un estado de nerviosismo importante. Es ah\u00ed cuando<strong>\u00a0la abuela le cuenta a la madre lo que la ni\u00f1a le hab\u00eda contado. Posteriormente, la ni\u00f1a confes\u00f3 que los abusos proven\u00edan de ambos t\u00edos y que eran de vieja data<\/strong>\u201d.<\/p>\n\n\n\n<p>Por otro lado, la abogada habl\u00f3 sobre la posibilidad de que las hermanas de la v\u00edctima puedan haber sido tambi\u00e9n v\u00edctimas de abuso sexual.<\/p>\n\n\n\n<p>\u201cTiene 3 hijas y&nbsp;<strong>creemos, por los informes psicol\u00f3gicos que estamos realizando, que no fueron todas v\u00edctimas del mismo delito<\/strong>. S\u00f3lo la mayor, que tiene 11 a\u00f1os, habr\u00eda sido la \u00fanica v\u00edctima de abuso por el momento\u201d, destac\u00f3.<\/p>\n\n\n\n<p>No obstante, tambi\u00e9n habl\u00f3 de la situaci\u00f3n actual de los t\u00edos de la menor de edad: \u201c<strong>Los acusados fueron detenidos en el momento que se hizo la denuncia. Seguir\u00e1n en esta condici\u00f3n hasta el a\u00f1o que viene, que es cuando se llevar\u00e1 a cabo el juicio.<\/strong>&nbsp;En estos d\u00edas realizaremos la C\u00e1mara Gesell en la ni\u00f1a para comprobar lo que ya fue probado mediante ex\u00e1menes m\u00e9dicos\u201d.<\/p>\n\n\n\n<p>Por \u00faltimo, y con respecto a la realizaci\u00f3n de la C\u00e1mara Gesell en la menor de edad, Rodr\u00edguez Bonutti fue clara: \u201c<strong>Para m\u00ed no hay ning\u00fan tipo de dudas de que hubo abusos<\/strong>. Lo que queremos determinar desde la querella mediante la C\u00e1mara Gesell es&nbsp;<strong>establecer el tiempo que la ni\u00f1a vino sufriendo este tipo de abusos<\/strong>, adem\u00e1s de otras cosas t\u00e9cnicas. Cuando tengamos el informe pediremos la prisi\u00f3n preventiva de ambos acusados\u201d.<\/p>\n","protected":false},"excerpt":{"rendered":"<p>El caso de una menor de edad que habr\u00eda sido abusada sexualmente por sus dos&#8230;<\/p>\n","protected":false},"author":1,"featured_media":1087,"comment_status":"open","ping_status":"open","sticky":false,"template":"","format":"standard","meta":[],"categories":[1],"tags":[],"_links":{"self":[{"href":"https:\/\/neanoticias.com\/index.php\/wp-json\/wp\/v2\/posts\/1086"}],"collection":[{"href":"https:\/\/neanoticias.com\/index.php\/wp-json\/wp\/v2\/posts"}],"about":[{"href":"https:\/\/neanoticias.com\/index.php\/wp-json\/wp\/v2\/types\/post"}],"author":[{"embeddable":true,"href":"https:\/\/neanoticias.com\/index.php\/wp-json\/wp\/v2\/users\/1"}],"replies":[{"embeddable":true,"href":"https:\/\/neanoticias.com\/index.php\/wp-json\/wp\/v2\/comments?post=1086"}],"version-history":[{"count":1,"href":"https:\/\/neanoticias.com\/index.php\/wp-json\/wp\/v2\/posts\/1086\/revisions"}],"predecessor-version":[{"id":1088,"href":"https:\/\/neanoticias.com\/index.php\/wp-json\/wp\/v2\/posts\/1086\/revisions\/1088"}],"wp:featuredmedia":[{"embeddable":true,"href":"https:\/\/neanoticias.com\/index.php\/wp-json\/wp\/v2\/media\/1087"}],"wp:attachment":[{"href":"https:\/\/neanoticias.com\/index.php\/wp-json\/wp\/v2\/media?parent=1086"}],"wp:term":[{"taxonomy":"category","embeddable":true,"href":"https:\/\/neanoticias.com\/index.php\/wp-json\/wp\/v2\/categories?post=1086"},{"taxonomy":"post_tag","embeddable":true,"href":"https:\/\/neanoticias.com\/index.php\/wp-json\/wp\/v2\/tags?post=1086"}],"curies":[{"name":"wp","href":"https:\/\/api.w.org\/{rel}","templated":true}]}}